{"id":1,"date":"2016-07-12T00:25:25","date_gmt":"2016-07-11T22:25:25","guid":{"rendered":"http:\/\/www.gwennili.net\/de\/?p=1"},"modified":"2017-01-18T15:21:31","modified_gmt":"2017-01-18T14:21:31","slug":"volontariat-europeen-en-espagne","status":"publish","type":"post","link":"http:\/\/www.gwennili.net\/de\/volontariat-europeen-en-espagne\/","title":{"rendered":"P&rsquo;tit tour en Espagne avec Marion"},"content":{"rendered":"<p>\u00ab\u00a0Il \u00e9tait une fois une fran\u00e7aise, une Lettone et un Italien qui s&rsquo;ennuyaient dans leur pays respectifs. Ils avaient soif d&rsquo;authenticit\u00e9, de changement&#8230; bref de nouvelles aventures\u00a0! C&rsquo;est alors qu&rsquo;ils eurent connaissance de ce magnifique petit village au milieu de la campagne espagnole, ou une association les attendait avec impatience&#8230;\u00a0 La Noguera Medinaceli est une association qui milite pour un d\u00e9veloppement rural durable, ses actions se d\u00e9clinent en trois axes : l&rsquo;agriculture biologique, le maintien et la transmission de la culture locale, et la cr\u00e9ation de partenariat locaux pour dynamiser la vie en milieu rural.\u00a0\u00bb<\/p>\n","protected":false},"excerpt":{"rendered":"<p>\u00ab\u00a0Il \u00e9tait une fois une fran\u00e7aise, une Lettone et un Italien qui s&rsquo;ennuyaient dans leur pays respectifs. Ils avaient soif d&rsquo;authenticit\u00e9, de changement&#8230; bref de nouvelles aventures\u00a0! C&rsquo;est alors qu&rsquo;ils [&hellip;]<\/p>\n","protected":false},"author":1,"featured_media":5334,"comment_status":"open","ping_status":"open","sticky":false,"template":"","format":"standard","meta":[],"categories":[94],"tags":[],"yoast_head":"<!-- This site is optimized with the Yoast SEO plugin v21.8.1 - https:\/\/yoast.com\/wordpress\/plugins\/seo\/ -->\n<title>P&#039;tit tour en Espagne avec Marion - Gwennili<\/title>\n<meta name=\"robots\" content=\"index, follow, max-snippet:-1, max-image-preview:large, max-video-preview:-1\" \/>\n<link rel=\"canonical\" href=\"http:\/\/www.gwennili.net\/de\/volontariat-europeen-en-espagne\/\" \/>\n<meta property=\"og:locale\" content=\"fr_FR\" \/>\n<meta property=\"og:type\" content=\"article\" \/>\n<meta property=\"og:title\" content=\"P&#039;tit tour en Espagne avec Marion - Gwennili\" \/>\n<meta property=\"og:description\" content=\"\u00ab\u00a0Il \u00e9tait une fois une fran\u00e7aise, une Lettone et un Italien qui s&rsquo;ennuyaient dans leur pays respectifs. Ils avaient soif d&rsquo;authenticit\u00e9, de changement&#8230; bref de nouvelles aventures\u00a0! C&rsquo;est alors qu&rsquo;ils [&hellip;]\" \/>\n<meta property=\"og:url\" content=\"http:\/\/www.gwennili.net\/de\/volontariat-europeen-en-espagne\/\" \/>\n<meta property=\"og:site_name\" content=\"Gwennili\" \/>\n<meta property=\"article:published_time\" content=\"2016-07-11T22:25:25+00:00\" \/>\n<meta property=\"article:modified_time\" content=\"2017-01-18T14:21:31+00:00\" \/>\n<meta name=\"author\" content=\"Gwennili\" \/>\n<meta name=\"twitter:card\" content=\"summary_large_image\" \/>\n<meta name=\"twitter:image\" content=\"http:\/\/www.gwennili.net\/de\/wp-content\/uploads\/2016\/07\/Sans-titre-1.bmp\" \/>\n<meta name=\"twitter:label1\" content=\"\u00c9crit par\" \/>\n\t<meta name=\"twitter:data1\" content=\"Gwennili\" \/>\n<script type=\"application\/ld+json\" class=\"yoast-schema-graph\">{\"@context\":\"https:\/\/schema.org\",\"@graph\":[{\"@type\":\"WebPage\",\"@id\":\"http:\/\/www.gwennili.net\/de\/volontariat-europeen-en-espagne\/\",\"url\":\"http:\/\/www.gwennili.net\/de\/volontariat-europeen-en-espagne\/\",\"name\":\"P'tit tour en Espagne avec Marion - Gwennili\",\"isPartOf\":{\"@id\":\"https:\/\/www.gwennili.net\/de\/#website\"},\"datePublished\":\"2016-07-11T22:25:25+00:00\",\"dateModified\":\"2017-01-18T14:21:31+00:00\",\"author\":{\"@id\":\"https:\/\/www.gwennili.net\/de\/#\/schema\/person\/59e500ee44b5df14f4af99b08f3418c0\"},\"breadcrumb\":{\"@id\":\"http:\/\/www.gwennili.net\/de\/volontariat-europeen-en-espagne\/#breadcrumb\"},\"inLanguage\":\"fr-FR\",\"potentialAction\":[{\"@type\":\"ReadAction\",\"target\":[\"http:\/\/www.gwennili.net\/de\/volontariat-europeen-en-espagne\/\"]}]},{\"@type\":\"BreadcrumbList\",\"@id\":\"http:\/\/www.gwennili.net\/de\/volontariat-europeen-en-espagne\/#breadcrumb\",\"itemListElement\":[{\"@type\":\"ListItem\",\"position\":1,\"name\":\"Accueil\",\"item\":\"https:\/\/www.gwennili.net\/de\/\"},{\"@type\":\"ListItem\",\"position\":2,\"name\":\"P&rsquo;tit tour en Espagne avec Marion\"}]},{\"@type\":\"WebSite\",\"@id\":\"https:\/\/www.gwennili.net\/de\/#website\",\"url\":\"https:\/\/www.gwennili.net\/de\/\",\"name\":\"Gwennili\",\"description\":\"Rencontres et \u00c9changes Interculturels\",\"potentialAction\":[{\"@type\":\"SearchAction\",\"target\":{\"@type\":\"EntryPoint\",\"urlTemplate\":\"https:\/\/www.gwennili.net\/de\/?s={search_term_string}\"},\"query-input\":\"required name=search_term_string\"}],\"inLanguage\":\"fr-FR\"},{\"@type\":\"Person\",\"@id\":\"https:\/\/www.gwennili.net\/de\/#\/schema\/person\/59e500ee44b5df14f4af99b08f3418c0\",\"name\":\"Gwennili\",\"image\":{\"@type\":\"ImageObject\",\"inLanguage\":\"fr-FR\",\"@id\":\"https:\/\/www.gwennili.net\/de\/#\/schema\/person\/image\/\",\"url\":\"http:\/\/0.gravatar.com\/avatar\/fe240fcee52441370a0cd01725314893?s=96&d=mm&r=g\",\"contentUrl\":\"http:\/\/0.gravatar.com\/avatar\/fe240fcee52441370a0cd01725314893?s=96&d=mm&r=g\",\"caption\":\"Gwennili\"},\"description\":\"Gwennili est une asso qui favorise les rencontres interculturelles, en Europe, entre jeunes de 16 \u00e0 25 ans. Vous souhaitez partir seul ou en groupe ? Dans le cadre scolaire ou pendant les vacances ? Vous souhaitez partir \u00e0 l'\u00e9tranger dans le cadre du Service Volontaire Europ\u00e9en ? Nous vous y aidons ! Alors, contactez-nous !!\",\"url\":\"http:\/\/www.gwennili.net\/de\/author\/admin\/\"}]}<\/script>\n<!-- \/ Yoast SEO plugin. -->","yoast_head_json":{"title":"P'tit tour en Espagne avec Marion - Gwennili","robots":{"index":"index","follow":"follow","max-snippet":"max-snippet:-1","max-image-preview":"max-image-preview:large","max-video-preview":"max-video-preview:-1"},"canonical":"http:\/\/www.gwennili.net\/de\/volontariat-europeen-en-espagne\/","og_locale":"fr_FR","og_type":"article","og_title":"P'tit tour en Espagne avec Marion - Gwennili","og_description":"\u00ab\u00a0Il \u00e9tait une fois une fran\u00e7aise, une Lettone et un Italien qui s&rsquo;ennuyaient dans leur pays respectifs. Ils avaient soif d&rsquo;authenticit\u00e9, de changement&#8230; bref de nouvelles aventures\u00a0! C&rsquo;est alors qu&rsquo;ils [&hellip;]","og_url":"http:\/\/www.gwennili.net\/de\/volontariat-europeen-en-espagne\/","og_site_name":"Gwennili","article_published_time":"2016-07-11T22:25:25+00:00","article_modified_time":"2017-01-18T14:21:31+00:00","author":"Gwennili","twitter_card":"summary_large_image","twitter_image":"http:\/\/www.gwennili.net\/de\/wp-content\/uploads\/2016\/07\/Sans-titre-1.bmp","twitter_misc":{"\u00c9crit par":"Gwennili"},"schema":{"@context":"https:\/\/schema.org","@graph":[{"@type":"WebPage","@id":"http:\/\/www.gwennili.net\/de\/volontariat-europeen-en-espagne\/","url":"http:\/\/www.gwennili.net\/de\/volontariat-europeen-en-espagne\/","name":"P'tit tour en Espagne avec Marion - Gwennili","isPartOf":{"@id":"https:\/\/www.gwennili.net\/de\/#website"},"datePublished":"2016-07-11T22:25:25+00:00","dateModified":"2017-01-18T14:21:31+00:00","author":{"@id":"https:\/\/www.gwennili.net\/de\/#\/schema\/person\/59e500ee44b5df14f4af99b08f3418c0"},"breadcrumb":{"@id":"http:\/\/www.gwennili.net\/de\/volontariat-europeen-en-espagne\/#breadcrumb"},"inLanguage":"fr-FR","potentialAction":[{"@type":"ReadAction","target":["http:\/\/www.gwennili.net\/de\/volontariat-europeen-en-espagne\/"]}]},{"@type":"BreadcrumbList","@id":"http:\/\/www.gwennili.net\/de\/volontariat-europeen-en-espagne\/#breadcrumb","itemListElement":[{"@type":"ListItem","position":1,"name":"Accueil","item":"https:\/\/www.gwennili.net\/de\/"},{"@type":"ListItem","position":2,"name":"P&rsquo;tit tour en Espagne avec Marion"}]},{"@type":"WebSite","@id":"https:\/\/www.gwennili.net\/de\/#website","url":"https:\/\/www.gwennili.net\/de\/","name":"Gwennili","description":"Rencontres et \u00c9changes Interculturels","potentialAction":[{"@type":"SearchAction","target":{"@type":"EntryPoint","urlTemplate":"https:\/\/www.gwennili.net\/de\/?s={search_term_string}"},"query-input":"required name=search_term_string"}],"inLanguage":"fr-FR"},{"@type":"Person","@id":"https:\/\/www.gwennili.net\/de\/#\/schema\/person\/59e500ee44b5df14f4af99b08f3418c0","name":"Gwennili","image":{"@type":"ImageObject","inLanguage":"fr-FR","@id":"https:\/\/www.gwennili.net\/de\/#\/schema\/person\/image\/","url":"http:\/\/0.gravatar.com\/avatar\/fe240fcee52441370a0cd01725314893?s=96&d=mm&r=g","contentUrl":"http:\/\/0.gravatar.com\/avatar\/fe240fcee52441370a0cd01725314893?s=96&d=mm&r=g","caption":"Gwennili"},"description":"Gwennili est une asso qui favorise les rencontres interculturelles, en Europe, entre jeunes de 16 \u00e0 25 ans. Vous souhaitez partir seul ou en groupe ? Dans le cadre scolaire ou pendant les vacances ? Vous souhaitez partir \u00e0 l'\u00e9tranger dans le cadre du Service Volontaire Europ\u00e9en ? Nous vous y aidons ! Alors, contactez-nous !!","url":"http:\/\/www.gwennili.net\/de\/author\/admin\/"}]}},"_links":{"self":[{"href":"http:\/\/www.gwennili.net\/de\/wp-json\/wp\/v2\/posts\/1"}],"collection":[{"href":"http:\/\/www.gwennili.net\/de\/wp-json\/wp\/v2\/posts"}],"about":[{"href":"http:\/\/www.gwennili.net\/de\/wp-json\/wp\/v2\/types\/post"}],"author":[{"embeddable":true,"href":"http:\/\/www.gwennili.net\/de\/wp-json\/wp\/v2\/users\/1"}],"replies":[{"embeddable":true,"href":"http:\/\/www.gwennili.net\/de\/wp-json\/wp\/v2\/comments?post=1"}],"version-history":[{"count":4,"href":"http:\/\/www.gwennili.net\/de\/wp-json\/wp\/v2\/posts\/1\/revisions"}],"predecessor-version":[{"id":6932,"href":"http:\/\/www.gwennili.net\/de\/wp-json\/wp\/v2\/posts\/1\/revisions\/6932"}],"wp:featuredmedia":[{"embeddable":true,"href":"http:\/\/www.gwennili.net\/de\/wp-json\/wp\/v2\/media\/5334"}],"wp:attachment":[{"href":"http:\/\/www.gwennili.net\/de\/wp-json\/wp\/v2\/media?parent=1"}],"wp:term":[{"taxonomy":"category","embeddable":true,"href":"http:\/\/www.gwennili.net\/de\/wp-json\/wp\/v2\/categories?post=1"},{"taxonomy":"post_tag","embeddable":true,"href":"http:\/\/www.gwennili.net\/de\/wp-json\/wp\/v2\/tags?post=1"}],"curies":[{"name":"wp","href":"https:\/\/api.w.org\/{rel}","templated":true}]}}