{"id":5101,"date":"2015-10-12T16:53:24","date_gmt":"2015-10-12T16:53:24","guid":{"rendered":"http:\/\/smartowl.modeltheme.com\/?p=1"},"modified":"2016-10-04T17:13:53","modified_gmt":"2016-10-04T15:13:53","slug":"ready-for-future","status":"publish","type":"post","link":"http:\/\/www.gwennili.net\/de\/ready-for-future\/","title":{"rendered":"Un concours photos au sein des chantiers !"},"content":{"rendered":"<p>Concours \u00a0\u00bb Raconte-moi l&rsquo;Europe en Photos\u00a0\u00bb<\/p>\n<p>Gwennili organise son premier concours photos dans le cadre des 8 chantiers et rencontres d&rsquo;\u00e9t\u00e9 afin de mettre \u00e0 profit le talent de tous ses participants. Pour participer il leur suffira de s\u00e9lectionner une photo de leur s\u00e9jour. Le th\u00e8me \u00e0 respecter sera \u00ab\u00a0d\u00e9couvertes et \u00e9changes\u00a0\u00bb<\/p>\n<p>Pour nos deux coups de coeur : Premier prix un appareil photo polaroid<\/p>\n<p>Second prix : une affiche map monde \u00e0 gratter<\/p>\n","protected":false},"excerpt":{"rendered":"<p>Concours \u00a0\u00bb Raconte-moi l&rsquo;Europe en Photos\u00a0\u00bb Gwennili organise son premier concours photos dans le cadre des 8 chantiers et rencontres d&rsquo;\u00e9t\u00e9 afin de mettre \u00e0 profit le talent de tous [&hellip;]<\/p>\n","protected":false},"author":1,"featured_media":5421,"comment_status":"open","ping_status":"open","sticky":false,"template":"","format":"standard","meta":[],"categories":[97],"tags":[],"yoast_head":"<!-- This site is optimized with the Yoast SEO plugin v21.8.1 - https:\/\/yoast.com\/wordpress\/plugins\/seo\/ -->\n<title>Un concours photos au sein des chantiers ! - Gwennili<\/title>\n<meta name=\"robots\" content=\"index, follow, max-snippet:-1, max-image-preview:large, max-video-preview:-1\" \/>\n<link rel=\"canonical\" href=\"https:\/\/www.gwennili.net\/de\/ready-for-future\/\" \/>\n<meta property=\"og:locale\" content=\"fr_FR\" \/>\n<meta property=\"og:type\" content=\"article\" \/>\n<meta property=\"og:title\" content=\"Un concours photos au sein des chantiers ! - Gwennili\" \/>\n<meta property=\"og:description\" content=\"Concours \u00a0\u00bb Raconte-moi l&rsquo;Europe en Photos\u00a0\u00bb Gwennili organise son premier concours photos dans le cadre des 8 chantiers et rencontres d&rsquo;\u00e9t\u00e9 afin de mettre \u00e0 profit le talent de tous [&hellip;]\" \/>\n<meta property=\"og:url\" content=\"https:\/\/www.gwennili.net\/de\/ready-for-future\/\" \/>\n<meta property=\"og:site_name\" content=\"Gwennili\" \/>\n<meta property=\"article:published_time\" content=\"2015-10-12T16:53:24+00:00\" \/>\n<meta property=\"article:modified_time\" content=\"2016-10-04T15:13:53+00:00\" \/>\n<meta property=\"og:image\" content=\"https:\/\/www.gwennili.net\/de\/wp-content\/uploads\/2015\/10\/11143-NN82EE.jpg\" \/>\n\t<meta property=\"og:image:width\" content=\"535\" \/>\n\t<meta property=\"og:image:height\" content=\"379\" \/>\n\t<meta property=\"og:image:type\" content=\"image\/jpeg\" \/>\n<meta name=\"author\" content=\"Gwennili\" \/>\n<meta name=\"twitter:card\" content=\"summary_large_image\" \/>\n<meta name=\"twitter:label1\" content=\"\u00c9crit par\" \/>\n\t<meta name=\"twitter:data1\" content=\"Gwennili\" \/>\n<script type=\"application\/ld+json\" class=\"yoast-schema-graph\">{\"@context\":\"https:\/\/schema.org\",\"@graph\":[{\"@type\":\"WebPage\",\"@id\":\"https:\/\/www.gwennili.net\/de\/ready-for-future\/\",\"url\":\"https:\/\/www.gwennili.net\/de\/ready-for-future\/\",\"name\":\"Un concours photos au sein des chantiers ! - Gwennili\",\"isPartOf\":{\"@id\":\"https:\/\/www.gwennili.net\/de\/#website\"},\"datePublished\":\"2015-10-12T16:53:24+00:00\",\"dateModified\":\"2016-10-04T15:13:53+00:00\",\"author\":{\"@id\":\"https:\/\/www.gwennili.net\/de\/#\/schema\/person\/59e500ee44b5df14f4af99b08f3418c0\"},\"breadcrumb\":{\"@id\":\"https:\/\/www.gwennili.net\/de\/ready-for-future\/#breadcrumb\"},\"inLanguage\":\"fr-FR\",\"potentialAction\":[{\"@type\":\"ReadAction\",\"target\":[\"https:\/\/www.gwennili.net\/de\/ready-for-future\/\"]}]},{\"@type\":\"BreadcrumbList\",\"@id\":\"https:\/\/www.gwennili.net\/de\/ready-for-future\/#breadcrumb\",\"itemListElement\":[{\"@type\":\"ListItem\",\"position\":1,\"name\":\"Accueil\",\"item\":\"https:\/\/www.gwennili.net\/de\/\"},{\"@type\":\"ListItem\",\"position\":2,\"name\":\"Un concours photos au sein des chantiers !\"}]},{\"@type\":\"WebSite\",\"@id\":\"https:\/\/www.gwennili.net\/de\/#website\",\"url\":\"https:\/\/www.gwennili.net\/de\/\",\"name\":\"Gwennili\",\"description\":\"Rencontres et \u00c9changes Interculturels\",\"potentialAction\":[{\"@type\":\"SearchAction\",\"target\":{\"@type\":\"EntryPoint\",\"urlTemplate\":\"https:\/\/www.gwennili.net\/de\/?s={search_term_string}\"},\"query-input\":\"required name=search_term_string\"}],\"inLanguage\":\"fr-FR\"},{\"@type\":\"Person\",\"@id\":\"https:\/\/www.gwennili.net\/de\/#\/schema\/person\/59e500ee44b5df14f4af99b08f3418c0\",\"name\":\"Gwennili\",\"image\":{\"@type\":\"ImageObject\",\"inLanguage\":\"fr-FR\",\"@id\":\"https:\/\/www.gwennili.net\/de\/#\/schema\/person\/image\/\",\"url\":\"http:\/\/0.gravatar.com\/avatar\/fe240fcee52441370a0cd01725314893?s=96&d=mm&r=g\",\"contentUrl\":\"http:\/\/0.gravatar.com\/avatar\/fe240fcee52441370a0cd01725314893?s=96&d=mm&r=g\",\"caption\":\"Gwennili\"},\"description\":\"Gwennili est une asso qui favorise les rencontres interculturelles, en Europe, entre jeunes de 16 \u00e0 25 ans. Vous souhaitez partir seul ou en groupe ? Dans le cadre scolaire ou pendant les vacances ? Vous souhaitez partir \u00e0 l'\u00e9tranger dans le cadre du Service Volontaire Europ\u00e9en ? Nous vous y aidons ! Alors, contactez-nous !!\",\"url\":\"http:\/\/www.gwennili.net\/de\/author\/admin\/\"}]}<\/script>\n<!-- \/ Yoast SEO plugin. -->","yoast_head_json":{"title":"Un concours photos au sein des chantiers ! - Gwennili","robots":{"index":"index","follow":"follow","max-snippet":"max-snippet:-1","max-image-preview":"max-image-preview:large","max-video-preview":"max-video-preview:-1"},"canonical":"https:\/\/www.gwennili.net\/de\/ready-for-future\/","og_locale":"fr_FR","og_type":"article","og_title":"Un concours photos au sein des chantiers ! - Gwennili","og_description":"Concours \u00a0\u00bb Raconte-moi l&rsquo;Europe en Photos\u00a0\u00bb Gwennili organise son premier concours photos dans le cadre des 8 chantiers et rencontres d&rsquo;\u00e9t\u00e9 afin de mettre \u00e0 profit le talent de tous [&hellip;]","og_url":"https:\/\/www.gwennili.net\/de\/ready-for-future\/","og_site_name":"Gwennili","article_published_time":"2015-10-12T16:53:24+00:00","article_modified_time":"2016-10-04T15:13:53+00:00","og_image":[{"width":535,"height":379,"url":"https:\/\/www.gwennili.net\/de\/wp-content\/uploads\/2015\/10\/11143-NN82EE.jpg","type":"image\/jpeg"}],"author":"Gwennili","twitter_card":"summary_large_image","twitter_misc":{"\u00c9crit par":"Gwennili"},"schema":{"@context":"https:\/\/schema.org","@graph":[{"@type":"WebPage","@id":"https:\/\/www.gwennili.net\/de\/ready-for-future\/","url":"https:\/\/www.gwennili.net\/de\/ready-for-future\/","name":"Un concours photos au sein des chantiers ! - Gwennili","isPartOf":{"@id":"https:\/\/www.gwennili.net\/de\/#website"},"datePublished":"2015-10-12T16:53:24+00:00","dateModified":"2016-10-04T15:13:53+00:00","author":{"@id":"https:\/\/www.gwennili.net\/de\/#\/schema\/person\/59e500ee44b5df14f4af99b08f3418c0"},"breadcrumb":{"@id":"https:\/\/www.gwennili.net\/de\/ready-for-future\/#breadcrumb"},"inLanguage":"fr-FR","potentialAction":[{"@type":"ReadAction","target":["https:\/\/www.gwennili.net\/de\/ready-for-future\/"]}]},{"@type":"BreadcrumbList","@id":"https:\/\/www.gwennili.net\/de\/ready-for-future\/#breadcrumb","itemListElement":[{"@type":"ListItem","position":1,"name":"Accueil","item":"https:\/\/www.gwennili.net\/de\/"},{"@type":"ListItem","position":2,"name":"Un concours photos au sein des chantiers !"}]},{"@type":"WebSite","@id":"https:\/\/www.gwennili.net\/de\/#website","url":"https:\/\/www.gwennili.net\/de\/","name":"Gwennili","description":"Rencontres et \u00c9changes Interculturels","potentialAction":[{"@type":"SearchAction","target":{"@type":"EntryPoint","urlTemplate":"https:\/\/www.gwennili.net\/de\/?s={search_term_string}"},"query-input":"required name=search_term_string"}],"inLanguage":"fr-FR"},{"@type":"Person","@id":"https:\/\/www.gwennili.net\/de\/#\/schema\/person\/59e500ee44b5df14f4af99b08f3418c0","name":"Gwennili","image":{"@type":"ImageObject","inLanguage":"fr-FR","@id":"https:\/\/www.gwennili.net\/de\/#\/schema\/person\/image\/","url":"http:\/\/0.gravatar.com\/avatar\/fe240fcee52441370a0cd01725314893?s=96&d=mm&r=g","contentUrl":"http:\/\/0.gravatar.com\/avatar\/fe240fcee52441370a0cd01725314893?s=96&d=mm&r=g","caption":"Gwennili"},"description":"Gwennili est une asso qui favorise les rencontres interculturelles, en Europe, entre jeunes de 16 \u00e0 25 ans. Vous souhaitez partir seul ou en groupe ? Dans le cadre scolaire ou pendant les vacances ? Vous souhaitez partir \u00e0 l'\u00e9tranger dans le cadre du Service Volontaire Europ\u00e9en ? Nous vous y aidons ! Alors, contactez-nous !!","url":"http:\/\/www.gwennili.net\/de\/author\/admin\/"}]}},"_links":{"self":[{"href":"http:\/\/www.gwennili.net\/de\/wp-json\/wp\/v2\/posts\/5101"}],"collection":[{"href":"http:\/\/www.gwennili.net\/de\/wp-json\/wp\/v2\/posts"}],"about":[{"href":"http:\/\/www.gwennili.net\/de\/wp-json\/wp\/v2\/types\/post"}],"author":[{"embeddable":true,"href":"http:\/\/www.gwennili.net\/de\/wp-json\/wp\/v2\/users\/1"}],"replies":[{"embeddable":true,"href":"http:\/\/www.gwennili.net\/de\/wp-json\/wp\/v2\/comments?post=5101"}],"version-history":[{"count":2,"href":"http:\/\/www.gwennili.net\/de\/wp-json\/wp\/v2\/posts\/5101\/revisions"}],"predecessor-version":[{"id":5422,"href":"http:\/\/www.gwennili.net\/de\/wp-json\/wp\/v2\/posts\/5101\/revisions\/5422"}],"wp:featuredmedia":[{"embeddable":true,"href":"http:\/\/www.gwennili.net\/de\/wp-json\/wp\/v2\/media\/5421"}],"wp:attachment":[{"href":"http:\/\/www.gwennili.net\/de\/wp-json\/wp\/v2\/media?parent=5101"}],"wp:term":[{"taxonomy":"category","embeddable":true,"href":"http:\/\/www.gwennili.net\/de\/wp-json\/wp\/v2\/categories?post=5101"},{"taxonomy":"post_tag","embeddable":true,"href":"http:\/\/www.gwennili.net\/de\/wp-json\/wp\/v2\/tags?post=5101"}],"curies":[{"name":"wp","href":"https:\/\/api.w.org\/{rel}","templated":true}]}}