{"id":7083,"date":"2022-09-26T11:49:44","date_gmt":"2022-09-26T09:49:44","guid":{"rendered":"http:\/\/www.gwennili.net\/de\/?p=7083"},"modified":"2022-09-26T11:54:37","modified_gmt":"2022-09-26T09:54:37","slug":"europaisches-kontaktseminar","status":"publish","type":"post","link":"http:\/\/www.gwennili.net\/de\/europaisches-kontaktseminar\/","title":{"rendered":"EUROP\u00c4ISCHES KONTAKTSEMINAR"},"content":{"rendered":"<p><strong>Im Rahmen des COREMOB der Region Bretagne (Netzwerk der Akteure der internationalen Jugendbildung, in dem Vertreter*innen aus dem schulischen Bereich sowie Vereine vertreten sind) organisiert der Verein Gwennili ein europ\u00e4isches Kontaktseminar.<\/strong><\/p>\n<p>Die <strong>Anmeldung <\/strong>ist<strong> bis zum 21. Oktober<\/strong> unter folgendem Link m\u00f6glich:<br \/>\n<a href=\"https:\/\/www.helloasso.com\/associations\/gwennili\/evenements\/europaisches-kontaktseminar\">https:\/\/www.helloasso.com\/associations\/gwennili\/evenements\/europaisches-kontaktseminar<\/a><\/p>\n<p><strong>(Begrenzte Pl\u00e4tze)<\/strong><\/p>\n<p>Das Kontaktseminar richtet sich an Einrichtungen und <strong>Vereine, die interkulturelle Austauschprojekte mit finanzieller Unterst\u00fctzung des Deutsch-Franz\u00f6sischen-Jugendwerks (DFJW) oder des deutsch-franz\u00f6sischen B\u00fcrgerfonds durchf\u00fchren m\u00f6chten<\/strong>.<\/p>\n<p>Teilnahmebeitrag: 50 \u20ac \/ Person<br \/>\nDer Beitrag deckt die Unterkunft mit Vollpension. Die Fahrtkosten werden in H\u00f6he der F\u00f6rders\u00e4tze des DFJW (0,12 \u20ac \/ km) erstattet.<\/p>\n<p>Das Kontaktseminar wird finanziell und p\u00e4dagogisch vom DFJW und der Region Bretagne unterst\u00fctzt.<\/p>\n<p>Weitere Informationen und das Programm anbei.<\/p>\n<p><img decoding=\"async\" loading=\"lazy\" class=\"alignnone wp-image-7084 size-full\" src=\"http:\/\/www.gwennili.net\/de\/wp-content\/uploads\/2022\/09\/DE-S\u00e9minaire-Europ\u00e9en-de-Contact-Coremob-descriptif.jpg\" alt=\"\" width=\"1920\" height=\"1080\" srcset=\"http:\/\/www.gwennili.net\/de\/wp-content\/uploads\/2022\/09\/DE-S\u00e9minaire-Europ\u00e9en-de-Contact-Coremob-descriptif.jpg 1920w, http:\/\/www.gwennili.net\/de\/wp-content\/uploads\/2022\/09\/DE-S\u00e9minaire-Europ\u00e9en-de-Contact-Coremob-descriptif-300x169.jpg 300w, http:\/\/www.gwennili.net\/de\/wp-content\/uploads\/2022\/09\/DE-S\u00e9minaire-Europ\u00e9en-de-Contact-Coremob-descriptif-768x432.jpg 768w, http:\/\/www.gwennili.net\/de\/wp-content\/uploads\/2022\/09\/DE-S\u00e9minaire-Europ\u00e9en-de-Contact-Coremob-descriptif-1024x576.jpg 1024w\" sizes=\"(max-width: 1920px) 100vw, 1920px\" \/><\/p>\n<p><img decoding=\"async\" loading=\"lazy\" class=\"alignnone wp-image-7085 size-full\" src=\"http:\/\/www.gwennili.net\/de\/wp-content\/uploads\/2022\/09\/DE-S\u00e9minaire-Europ\u00e9en-de-Contact-Coremob-programme-pr\u00e9visionnel.jpg\" alt=\"\" width=\"1920\" height=\"1080\" srcset=\"http:\/\/www.gwennili.net\/de\/wp-content\/uploads\/2022\/09\/DE-S\u00e9minaire-Europ\u00e9en-de-Contact-Coremob-programme-pr\u00e9visionnel.jpg 1920w, http:\/\/www.gwennili.net\/de\/wp-content\/uploads\/2022\/09\/DE-S\u00e9minaire-Europ\u00e9en-de-Contact-Coremob-programme-pr\u00e9visionnel-300x169.jpg 300w, http:\/\/www.gwennili.net\/de\/wp-content\/uploads\/2022\/09\/DE-S\u00e9minaire-Europ\u00e9en-de-Contact-Coremob-programme-pr\u00e9visionnel-768x432.jpg 768w, http:\/\/www.gwennili.net\/de\/wp-content\/uploads\/2022\/09\/DE-S\u00e9minaire-Europ\u00e9en-de-Contact-Coremob-programme-pr\u00e9visionnel-1024x576.jpg 1024w\" sizes=\"(max-width: 1920px) 100vw, 1920px\" \/><\/p>\n","protected":false},"excerpt":{"rendered":"<p>Im Rahmen des COREMOB der Region Bretagne (Netzwerk der Akteure der internationalen Jugendbildung, in dem Vertreter*innen aus dem schulischen Bereich sowie Vereine vertreten sind) organisiert der Verein Gwennili ein europ\u00e4isches [&hellip;]<\/p>\n","protected":false},"author":1,"featured_media":7086,"comment_status":"open","ping_status":"open","sticky":false,"template":"","format":"standard","meta":[],"categories":[95,98,96,94],"tags":[],"yoast_head":"<!-- This site is optimized with the Yoast SEO plugin v21.8.1 - https:\/\/yoast.com\/wordpress\/plugins\/seo\/ -->\n<title>EUROP\u00c4ISCHES KONTAKTSEMINAR - Gwennili<\/title>\n<meta name=\"robots\" content=\"index, follow, max-snippet:-1, max-image-preview:large, max-video-preview:-1\" \/>\n<link rel=\"canonical\" href=\"http:\/\/www.gwennili.net\/de\/europaisches-kontaktseminar\/\" \/>\n<meta property=\"og:locale\" content=\"fr_FR\" \/>\n<meta property=\"og:type\" content=\"article\" \/>\n<meta property=\"og:title\" content=\"EUROP\u00c4ISCHES KONTAKTSEMINAR - Gwennili\" \/>\n<meta property=\"og:description\" content=\"Im Rahmen des COREMOB der Region Bretagne (Netzwerk der Akteure der internationalen Jugendbildung, in dem Vertreter*innen aus dem schulischen Bereich sowie Vereine vertreten sind) organisiert der Verein Gwennili ein europ\u00e4isches [&hellip;]\" \/>\n<meta property=\"og:url\" content=\"http:\/\/www.gwennili.net\/de\/europaisches-kontaktseminar\/\" \/>\n<meta property=\"og:site_name\" content=\"Gwennili\" \/>\n<meta property=\"article:published_time\" content=\"2022-09-26T09:49:44+00:00\" \/>\n<meta property=\"article:modified_time\" content=\"2022-09-26T09:54:37+00:00\" \/>\n<meta property=\"og:image\" content=\"http:\/\/www.gwennili.net\/de\/wp-content\/uploads\/2022\/09\/DE-Comm-S\u00e9minaire.png\" \/>\n\t<meta property=\"og:image:width\" content=\"1586\" \/>\n\t<meta property=\"og:image:height\" content=\"497\" \/>\n\t<meta property=\"og:image:type\" content=\"image\/png\" \/>\n<meta name=\"author\" content=\"Gwennili\" \/>\n<meta name=\"twitter:card\" content=\"summary_large_image\" \/>\n<meta name=\"twitter:label1\" content=\"\u00c9crit par\" \/>\n\t<meta name=\"twitter:data1\" content=\"Gwennili\" \/>\n\t<meta name=\"twitter:label2\" content=\"Dur\u00e9e de lecture estim\u00e9e\" \/>\n\t<meta name=\"twitter:data2\" content=\"1 minute\" \/>\n<script type=\"application\/ld+json\" class=\"yoast-schema-graph\">{\"@context\":\"https:\/\/schema.org\",\"@graph\":[{\"@type\":\"WebPage\",\"@id\":\"http:\/\/www.gwennili.net\/de\/europaisches-kontaktseminar\/\",\"url\":\"http:\/\/www.gwennili.net\/de\/europaisches-kontaktseminar\/\",\"name\":\"EUROP\u00c4ISCHES KONTAKTSEMINAR - Gwennili\",\"isPartOf\":{\"@id\":\"https:\/\/www.gwennili.net\/de\/#website\"},\"datePublished\":\"2022-09-26T09:49:44+00:00\",\"dateModified\":\"2022-09-26T09:54:37+00:00\",\"author\":{\"@id\":\"https:\/\/www.gwennili.net\/de\/#\/schema\/person\/59e500ee44b5df14f4af99b08f3418c0\"},\"breadcrumb\":{\"@id\":\"http:\/\/www.gwennili.net\/de\/europaisches-kontaktseminar\/#breadcrumb\"},\"inLanguage\":\"fr-FR\",\"potentialAction\":[{\"@type\":\"ReadAction\",\"target\":[\"http:\/\/www.gwennili.net\/de\/europaisches-kontaktseminar\/\"]}]},{\"@type\":\"BreadcrumbList\",\"@id\":\"http:\/\/www.gwennili.net\/de\/europaisches-kontaktseminar\/#breadcrumb\",\"itemListElement\":[{\"@type\":\"ListItem\",\"position\":1,\"name\":\"Accueil\",\"item\":\"https:\/\/www.gwennili.net\/de\/\"},{\"@type\":\"ListItem\",\"position\":2,\"name\":\"EUROP\u00c4ISCHES KONTAKTSEMINAR\"}]},{\"@type\":\"WebSite\",\"@id\":\"https:\/\/www.gwennili.net\/de\/#website\",\"url\":\"https:\/\/www.gwennili.net\/de\/\",\"name\":\"Gwennili\",\"description\":\"Rencontres et \u00c9changes Interculturels\",\"potentialAction\":[{\"@type\":\"SearchAction\",\"target\":{\"@type\":\"EntryPoint\",\"urlTemplate\":\"https:\/\/www.gwennili.net\/de\/?s={search_term_string}\"},\"query-input\":\"required name=search_term_string\"}],\"inLanguage\":\"fr-FR\"},{\"@type\":\"Person\",\"@id\":\"https:\/\/www.gwennili.net\/de\/#\/schema\/person\/59e500ee44b5df14f4af99b08f3418c0\",\"name\":\"Gwennili\",\"image\":{\"@type\":\"ImageObject\",\"inLanguage\":\"fr-FR\",\"@id\":\"https:\/\/www.gwennili.net\/de\/#\/schema\/person\/image\/\",\"url\":\"http:\/\/0.gravatar.com\/avatar\/fe240fcee52441370a0cd01725314893?s=96&d=mm&r=g\",\"contentUrl\":\"http:\/\/0.gravatar.com\/avatar\/fe240fcee52441370a0cd01725314893?s=96&d=mm&r=g\",\"caption\":\"Gwennili\"},\"description\":\"Gwennili est une asso qui favorise les rencontres interculturelles, en Europe, entre jeunes de 16 \u00e0 25 ans. Vous souhaitez partir seul ou en groupe ? Dans le cadre scolaire ou pendant les vacances ? Vous souhaitez partir \u00e0 l'\u00e9tranger dans le cadre du Service Volontaire Europ\u00e9en ? Nous vous y aidons ! Alors, contactez-nous !!\",\"url\":\"http:\/\/www.gwennili.net\/de\/author\/admin\/\"}]}<\/script>\n<!-- \/ Yoast SEO plugin. -->","yoast_head_json":{"title":"EUROP\u00c4ISCHES KONTAKTSEMINAR - Gwennili","robots":{"index":"index","follow":"follow","max-snippet":"max-snippet:-1","max-image-preview":"max-image-preview:large","max-video-preview":"max-video-preview:-1"},"canonical":"http:\/\/www.gwennili.net\/de\/europaisches-kontaktseminar\/","og_locale":"fr_FR","og_type":"article","og_title":"EUROP\u00c4ISCHES KONTAKTSEMINAR - Gwennili","og_description":"Im Rahmen des COREMOB der Region Bretagne (Netzwerk der Akteure der internationalen Jugendbildung, in dem Vertreter*innen aus dem schulischen Bereich sowie Vereine vertreten sind) organisiert der Verein Gwennili ein europ\u00e4isches [&hellip;]","og_url":"http:\/\/www.gwennili.net\/de\/europaisches-kontaktseminar\/","og_site_name":"Gwennili","article_published_time":"2022-09-26T09:49:44+00:00","article_modified_time":"2022-09-26T09:54:37+00:00","og_image":[{"width":1586,"height":497,"url":"http:\/\/www.gwennili.net\/de\/wp-content\/uploads\/2022\/09\/DE-Comm-S\u00e9minaire.png","type":"image\/png"}],"author":"Gwennili","twitter_card":"summary_large_image","twitter_misc":{"\u00c9crit par":"Gwennili","Dur\u00e9e de lecture estim\u00e9e":"1 minute"},"schema":{"@context":"https:\/\/schema.org","@graph":[{"@type":"WebPage","@id":"http:\/\/www.gwennili.net\/de\/europaisches-kontaktseminar\/","url":"http:\/\/www.gwennili.net\/de\/europaisches-kontaktseminar\/","name":"EUROP\u00c4ISCHES KONTAKTSEMINAR - Gwennili","isPartOf":{"@id":"https:\/\/www.gwennili.net\/de\/#website"},"datePublished":"2022-09-26T09:49:44+00:00","dateModified":"2022-09-26T09:54:37+00:00","author":{"@id":"https:\/\/www.gwennili.net\/de\/#\/schema\/person\/59e500ee44b5df14f4af99b08f3418c0"},"breadcrumb":{"@id":"http:\/\/www.gwennili.net\/de\/europaisches-kontaktseminar\/#breadcrumb"},"inLanguage":"fr-FR","potentialAction":[{"@type":"ReadAction","target":["http:\/\/www.gwennili.net\/de\/europaisches-kontaktseminar\/"]}]},{"@type":"BreadcrumbList","@id":"http:\/\/www.gwennili.net\/de\/europaisches-kontaktseminar\/#breadcrumb","itemListElement":[{"@type":"ListItem","position":1,"name":"Accueil","item":"https:\/\/www.gwennili.net\/de\/"},{"@type":"ListItem","position":2,"name":"EUROP\u00c4ISCHES KONTAKTSEMINAR"}]},{"@type":"WebSite","@id":"https:\/\/www.gwennili.net\/de\/#website","url":"https:\/\/www.gwennili.net\/de\/","name":"Gwennili","description":"Rencontres et \u00c9changes Interculturels","potentialAction":[{"@type":"SearchAction","target":{"@type":"EntryPoint","urlTemplate":"https:\/\/www.gwennili.net\/de\/?s={search_term_string}"},"query-input":"required name=search_term_string"}],"inLanguage":"fr-FR"},{"@type":"Person","@id":"https:\/\/www.gwennili.net\/de\/#\/schema\/person\/59e500ee44b5df14f4af99b08f3418c0","name":"Gwennili","image":{"@type":"ImageObject","inLanguage":"fr-FR","@id":"https:\/\/www.gwennili.net\/de\/#\/schema\/person\/image\/","url":"http:\/\/0.gravatar.com\/avatar\/fe240fcee52441370a0cd01725314893?s=96&d=mm&r=g","contentUrl":"http:\/\/0.gravatar.com\/avatar\/fe240fcee52441370a0cd01725314893?s=96&d=mm&r=g","caption":"Gwennili"},"description":"Gwennili est une asso qui favorise les rencontres interculturelles, en Europe, entre jeunes de 16 \u00e0 25 ans. Vous souhaitez partir seul ou en groupe ? Dans le cadre scolaire ou pendant les vacances ? Vous souhaitez partir \u00e0 l'\u00e9tranger dans le cadre du Service Volontaire Europ\u00e9en ? Nous vous y aidons ! Alors, contactez-nous !!","url":"http:\/\/www.gwennili.net\/de\/author\/admin\/"}]}},"_links":{"self":[{"href":"http:\/\/www.gwennili.net\/de\/wp-json\/wp\/v2\/posts\/7083"}],"collection":[{"href":"http:\/\/www.gwennili.net\/de\/wp-json\/wp\/v2\/posts"}],"about":[{"href":"http:\/\/www.gwennili.net\/de\/wp-json\/wp\/v2\/types\/post"}],"author":[{"embeddable":true,"href":"http:\/\/www.gwennili.net\/de\/wp-json\/wp\/v2\/users\/1"}],"replies":[{"embeddable":true,"href":"http:\/\/www.gwennili.net\/de\/wp-json\/wp\/v2\/comments?post=7083"}],"version-history":[{"count":4,"href":"http:\/\/www.gwennili.net\/de\/wp-json\/wp\/v2\/posts\/7083\/revisions"}],"predecessor-version":[{"id":7090,"href":"http:\/\/www.gwennili.net\/de\/wp-json\/wp\/v2\/posts\/7083\/revisions\/7090"}],"wp:featuredmedia":[{"embeddable":true,"href":"http:\/\/www.gwennili.net\/de\/wp-json\/wp\/v2\/media\/7086"}],"wp:attachment":[{"href":"http:\/\/www.gwennili.net\/de\/wp-json\/wp\/v2\/media?parent=7083"}],"wp:term":[{"taxonomy":"category","embeddable":true,"href":"http:\/\/www.gwennili.net\/de\/wp-json\/wp\/v2\/categories?post=7083"},{"taxonomy":"post_tag","embeddable":true,"href":"http:\/\/www.gwennili.net\/de\/wp-json\/wp\/v2\/tags?post=7083"}],"curies":[{"name":"wp","href":"https:\/\/api.w.org\/{rel}","templated":true}]}}