{"id":7801,"date":"2020-04-16T12:04:44","date_gmt":"2020-04-16T10:04:44","guid":{"rendered":"http:\/\/www.gwennili.net\/fr\/?p=7801"},"modified":"2020-06-26T15:04:29","modified_gmt":"2020-06-26T13:04:29","slug":"nos-chantiers-nos-rencontres-dete-ligne-2017-2","status":"publish","type":"post","link":"https:\/\/www.gwennili.net\/fr\/nos-chantiers-nos-rencontres-dete-ligne-2017-2\/","title":{"rendered":"Chantiers et rencontres interculturelles \u00e9t\u00e9 2020 annul\u00e9s"},"content":{"rendered":"<p>La crise de la COVID19 nous emp\u00eache de pouvoir organiser nos s\u00e9jours normalement. Les mesures sanitaires, n\u00e9cessaires pour assurer la s\u00e9curit\u00e9 de tou.te.s, sont un r\u00e9el frein \u00e0 l\u2019utilisation de nos m\u00e9thodes p\u00e9dagogiques \u2013 animations linguistiques, animations interculturelles, jeux de coop\u00e9ration, activit\u00e9s de chantier, pr\u00e9paration collective des repas \u2026 De plus, la situation chez nos voisins europ\u00e9ens, partenaires de nos projets, est tr\u00e8s instable, aussi il est difficile d\u2019envisager des d\u00e9placements. C\u2019est pour cela qu\u2019avec beaucoup de regret l\u2019association Gwennili, et ses partenaires, ont d\u00e9cid\u00e9 d\u2019annuler tous les projets qui \u00e9taient pr\u00e9vus pour cet \u00e9t\u00e9.<\/p>\n","protected":false},"excerpt":{"rendered":"<p>La crise de la COVID19 nous emp\u00eache de pouvoir organiser nos s\u00e9jours normalement. Les mesures sanitaires, n\u00e9cessaires pour assurer la s\u00e9curit\u00e9 de tou.te.s, sont un r\u00e9el frein \u00e0 l\u2019utilisation de [&hellip;]<\/p>\n","protected":false},"author":1,"featured_media":7806,"comment_status":"open","ping_status":"open","sticky":false,"template":"","format":"standard","meta":{"footnotes":""},"categories":[104,98,94,105],"tags":[],"yoast_head":"<!-- This site is optimized with the Yoast SEO plugin v23.5 - https:\/\/yoast.com\/wordpress\/plugins\/seo\/ -->\n<title>Chantiers et rencontres interculturelles \u00e9t\u00e9 2020 annul\u00e9s - Gwennili<\/title>\n<meta name=\"robots\" content=\"index, follow, max-snippet:-1, max-image-preview:large, max-video-preview:-1\" \/>\n<link rel=\"canonical\" href=\"https:\/\/www.gwennili.net\/fr\/nos-chantiers-nos-rencontres-dete-ligne-2017-2\/\" \/>\n<meta property=\"og:locale\" content=\"fr_FR\" \/>\n<meta property=\"og:type\" content=\"article\" \/>\n<meta property=\"og:title\" content=\"Chantiers et rencontres interculturelles \u00e9t\u00e9 2020 annul\u00e9s - Gwennili\" \/>\n<meta property=\"og:description\" content=\"La crise de la COVID19 nous emp\u00eache de pouvoir organiser nos s\u00e9jours normalement. Les mesures sanitaires, n\u00e9cessaires pour assurer la s\u00e9curit\u00e9 de tou.te.s, sont un r\u00e9el frein \u00e0 l\u2019utilisation de [&hellip;]\" \/>\n<meta property=\"og:url\" content=\"https:\/\/www.gwennili.net\/fr\/nos-chantiers-nos-rencontres-dete-ligne-2017-2\/\" \/>\n<meta property=\"og:site_name\" content=\"Gwennili\" \/>\n<meta property=\"article:published_time\" content=\"2020-04-16T10:04:44+00:00\" \/>\n<meta property=\"article:modified_time\" content=\"2020-06-26T13:04:29+00:00\" \/>\n<meta property=\"og:image\" content=\"https:\/\/www.gwennili.net\/fr\/wp-content\/uploads\/2020\/04\/Chantier-FDS-Melgven-2-768x1024.jpg\" \/>\n\t<meta property=\"og:image:width\" content=\"768\" \/>\n\t<meta property=\"og:image:height\" content=\"1024\" \/>\n\t<meta property=\"og:image:type\" content=\"image\/jpeg\" \/>\n<meta name=\"author\" content=\"Gwennili\" \/>\n<meta name=\"twitter:card\" content=\"summary_large_image\" \/>\n<meta name=\"twitter:label1\" content=\"\u00c9crit par\" \/>\n\t<meta name=\"twitter:data1\" content=\"Gwennili\" \/>\n\t<meta name=\"twitter:label2\" content=\"Dur\u00e9e de lecture estim\u00e9e\" \/>\n\t<meta name=\"twitter:data2\" content=\"1 minute\" \/>\n<script type=\"application\/ld+json\" class=\"yoast-schema-graph\">{\"@context\":\"https:\/\/schema.org\",\"@graph\":[{\"@type\":\"WebPage\",\"@id\":\"https:\/\/www.gwennili.net\/fr\/nos-chantiers-nos-rencontres-dete-ligne-2017-2\/\",\"url\":\"https:\/\/www.gwennili.net\/fr\/nos-chantiers-nos-rencontres-dete-ligne-2017-2\/\",\"name\":\"Chantiers et rencontres interculturelles \u00e9t\u00e9 2020 annul\u00e9s - Gwennili\",\"isPartOf\":{\"@id\":\"https:\/\/www.gwennili.net\/fr\/#website\"},\"primaryImageOfPage\":{\"@id\":\"https:\/\/www.gwennili.net\/fr\/nos-chantiers-nos-rencontres-dete-ligne-2017-2\/#primaryimage\"},\"image\":{\"@id\":\"https:\/\/www.gwennili.net\/fr\/nos-chantiers-nos-rencontres-dete-ligne-2017-2\/#primaryimage\"},\"thumbnailUrl\":\"https:\/\/www.gwennili.net\/fr\/wp-content\/uploads\/2020\/04\/Chantier-FDS-Melgven-2.jpg\",\"datePublished\":\"2020-04-16T10:04:44+00:00\",\"dateModified\":\"2020-06-26T13:04:29+00:00\",\"author\":{\"@id\":\"https:\/\/www.gwennili.net\/fr\/#\/schema\/person\/59e500ee44b5df14f4af99b08f3418c0\"},\"breadcrumb\":{\"@id\":\"https:\/\/www.gwennili.net\/fr\/nos-chantiers-nos-rencontres-dete-ligne-2017-2\/#breadcrumb\"},\"inLanguage\":\"fr-FR\",\"potentialAction\":[{\"@type\":\"ReadAction\",\"target\":[\"https:\/\/www.gwennili.net\/fr\/nos-chantiers-nos-rencontres-dete-ligne-2017-2\/\"]}]},{\"@type\":\"ImageObject\",\"inLanguage\":\"fr-FR\",\"@id\":\"https:\/\/www.gwennili.net\/fr\/nos-chantiers-nos-rencontres-dete-ligne-2017-2\/#primaryimage\",\"url\":\"https:\/\/www.gwennili.net\/fr\/wp-content\/uploads\/2020\/04\/Chantier-FDS-Melgven-2.jpg\",\"contentUrl\":\"https:\/\/www.gwennili.net\/fr\/wp-content\/uploads\/2020\/04\/Chantier-FDS-Melgven-2.jpg\",\"width\":2976,\"height\":3968,\"caption\":\"sdr\"},{\"@type\":\"BreadcrumbList\",\"@id\":\"https:\/\/www.gwennili.net\/fr\/nos-chantiers-nos-rencontres-dete-ligne-2017-2\/#breadcrumb\",\"itemListElement\":[{\"@type\":\"ListItem\",\"position\":1,\"name\":\"Accueil\",\"item\":\"https:\/\/www.gwennili.net\/fr\/\"},{\"@type\":\"ListItem\",\"position\":2,\"name\":\"Chantiers et rencontres interculturelles \u00e9t\u00e9 2020 annul\u00e9s\"}]},{\"@type\":\"WebSite\",\"@id\":\"https:\/\/www.gwennili.net\/fr\/#website\",\"url\":\"https:\/\/www.gwennili.net\/fr\/\",\"name\":\"Gwennili\",\"description\":\"Rencontres et \u00c9changes Interculturels\",\"potentialAction\":[{\"@type\":\"SearchAction\",\"target\":{\"@type\":\"EntryPoint\",\"urlTemplate\":\"https:\/\/www.gwennili.net\/fr\/?s={search_term_string}\"},\"query-input\":{\"@type\":\"PropertyValueSpecification\",\"valueRequired\":true,\"valueName\":\"search_term_string\"}}],\"inLanguage\":\"fr-FR\"},{\"@type\":\"Person\",\"@id\":\"https:\/\/www.gwennili.net\/fr\/#\/schema\/person\/59e500ee44b5df14f4af99b08f3418c0\",\"name\":\"Gwennili\",\"image\":{\"@type\":\"ImageObject\",\"inLanguage\":\"fr-FR\",\"@id\":\"https:\/\/www.gwennili.net\/fr\/#\/schema\/person\/image\/\",\"url\":\"https:\/\/secure.gravatar.com\/avatar\/fe240fcee52441370a0cd01725314893?s=96&d=mm&r=g\",\"contentUrl\":\"https:\/\/secure.gravatar.com\/avatar\/fe240fcee52441370a0cd01725314893?s=96&d=mm&r=g\",\"caption\":\"Gwennili\"},\"description\":\"Gwennili est une asso qui favorise les rencontres interculturelles, en Europe, entre jeunes de 16 \u00e0 25 ans. Vous souhaitez partir seul ou en groupe ? Dans le cadre scolaire ou pendant les vacances ? Vous souhaitez partir \u00e0 l'\u00e9tranger dans le cadre du Service Volontaire Europ\u00e9en ? Nous vous y aidons ! Alors, contactez-nous !!\",\"url\":\"https:\/\/www.gwennili.net\/fr\/author\/admin\/\"}]}<\/script>\n<!-- \/ Yoast SEO plugin. -->","yoast_head_json":{"title":"Chantiers et rencontres interculturelles \u00e9t\u00e9 2020 annul\u00e9s - Gwennili","robots":{"index":"index","follow":"follow","max-snippet":"max-snippet:-1","max-image-preview":"max-image-preview:large","max-video-preview":"max-video-preview:-1"},"canonical":"https:\/\/www.gwennili.net\/fr\/nos-chantiers-nos-rencontres-dete-ligne-2017-2\/","og_locale":"fr_FR","og_type":"article","og_title":"Chantiers et rencontres interculturelles \u00e9t\u00e9 2020 annul\u00e9s - Gwennili","og_description":"La crise de la COVID19 nous emp\u00eache de pouvoir organiser nos s\u00e9jours normalement. Les mesures sanitaires, n\u00e9cessaires pour assurer la s\u00e9curit\u00e9 de tou.te.s, sont un r\u00e9el frein \u00e0 l\u2019utilisation de [&hellip;]","og_url":"https:\/\/www.gwennili.net\/fr\/nos-chantiers-nos-rencontres-dete-ligne-2017-2\/","og_site_name":"Gwennili","article_published_time":"2020-04-16T10:04:44+00:00","article_modified_time":"2020-06-26T13:04:29+00:00","og_image":[{"width":768,"height":1024,"url":"https:\/\/www.gwennili.net\/fr\/wp-content\/uploads\/2020\/04\/Chantier-FDS-Melgven-2-768x1024.jpg","type":"image\/jpeg"}],"author":"Gwennili","twitter_card":"summary_large_image","twitter_misc":{"\u00c9crit par":"Gwennili","Dur\u00e9e de lecture estim\u00e9e":"1 minute"},"schema":{"@context":"https:\/\/schema.org","@graph":[{"@type":"WebPage","@id":"https:\/\/www.gwennili.net\/fr\/nos-chantiers-nos-rencontres-dete-ligne-2017-2\/","url":"https:\/\/www.gwennili.net\/fr\/nos-chantiers-nos-rencontres-dete-ligne-2017-2\/","name":"Chantiers et rencontres interculturelles \u00e9t\u00e9 2020 annul\u00e9s - Gwennili","isPartOf":{"@id":"https:\/\/www.gwennili.net\/fr\/#website"},"primaryImageOfPage":{"@id":"https:\/\/www.gwennili.net\/fr\/nos-chantiers-nos-rencontres-dete-ligne-2017-2\/#primaryimage"},"image":{"@id":"https:\/\/www.gwennili.net\/fr\/nos-chantiers-nos-rencontres-dete-ligne-2017-2\/#primaryimage"},"thumbnailUrl":"https:\/\/www.gwennili.net\/fr\/wp-content\/uploads\/2020\/04\/Chantier-FDS-Melgven-2.jpg","datePublished":"2020-04-16T10:04:44+00:00","dateModified":"2020-06-26T13:04:29+00:00","author":{"@id":"https:\/\/www.gwennili.net\/fr\/#\/schema\/person\/59e500ee44b5df14f4af99b08f3418c0"},"breadcrumb":{"@id":"https:\/\/www.gwennili.net\/fr\/nos-chantiers-nos-rencontres-dete-ligne-2017-2\/#breadcrumb"},"inLanguage":"fr-FR","potentialAction":[{"@type":"ReadAction","target":["https:\/\/www.gwennili.net\/fr\/nos-chantiers-nos-rencontres-dete-ligne-2017-2\/"]}]},{"@type":"ImageObject","inLanguage":"fr-FR","@id":"https:\/\/www.gwennili.net\/fr\/nos-chantiers-nos-rencontres-dete-ligne-2017-2\/#primaryimage","url":"https:\/\/www.gwennili.net\/fr\/wp-content\/uploads\/2020\/04\/Chantier-FDS-Melgven-2.jpg","contentUrl":"https:\/\/www.gwennili.net\/fr\/wp-content\/uploads\/2020\/04\/Chantier-FDS-Melgven-2.jpg","width":2976,"height":3968,"caption":"sdr"},{"@type":"BreadcrumbList","@id":"https:\/\/www.gwennili.net\/fr\/nos-chantiers-nos-rencontres-dete-ligne-2017-2\/#breadcrumb","itemListElement":[{"@type":"ListItem","position":1,"name":"Accueil","item":"https:\/\/www.gwennili.net\/fr\/"},{"@type":"ListItem","position":2,"name":"Chantiers et rencontres interculturelles \u00e9t\u00e9 2020 annul\u00e9s"}]},{"@type":"WebSite","@id":"https:\/\/www.gwennili.net\/fr\/#website","url":"https:\/\/www.gwennili.net\/fr\/","name":"Gwennili","description":"Rencontres et \u00c9changes Interculturels","potentialAction":[{"@type":"SearchAction","target":{"@type":"EntryPoint","urlTemplate":"https:\/\/www.gwennili.net\/fr\/?s={search_term_string}"},"query-input":{"@type":"PropertyValueSpecification","valueRequired":true,"valueName":"search_term_string"}}],"inLanguage":"fr-FR"},{"@type":"Person","@id":"https:\/\/www.gwennili.net\/fr\/#\/schema\/person\/59e500ee44b5df14f4af99b08f3418c0","name":"Gwennili","image":{"@type":"ImageObject","inLanguage":"fr-FR","@id":"https:\/\/www.gwennili.net\/fr\/#\/schema\/person\/image\/","url":"https:\/\/secure.gravatar.com\/avatar\/fe240fcee52441370a0cd01725314893?s=96&d=mm&r=g","contentUrl":"https:\/\/secure.gravatar.com\/avatar\/fe240fcee52441370a0cd01725314893?s=96&d=mm&r=g","caption":"Gwennili"},"description":"Gwennili est une asso qui favorise les rencontres interculturelles, en Europe, entre jeunes de 16 \u00e0 25 ans. Vous souhaitez partir seul ou en groupe ? Dans le cadre scolaire ou pendant les vacances ? Vous souhaitez partir \u00e0 l'\u00e9tranger dans le cadre du Service Volontaire Europ\u00e9en ? Nous vous y aidons ! Alors, contactez-nous !!","url":"https:\/\/www.gwennili.net\/fr\/author\/admin\/"}]}},"_links":{"self":[{"href":"https:\/\/www.gwennili.net\/fr\/wp-json\/wp\/v2\/posts\/7801"}],"collection":[{"href":"https:\/\/www.gwennili.net\/fr\/wp-json\/wp\/v2\/posts"}],"about":[{"href":"https:\/\/www.gwennili.net\/fr\/wp-json\/wp\/v2\/types\/post"}],"author":[{"embeddable":true,"href":"https:\/\/www.gwennili.net\/fr\/wp-json\/wp\/v2\/users\/1"}],"replies":[{"embeddable":true,"href":"https:\/\/www.gwennili.net\/fr\/wp-json\/wp\/v2\/comments?post=7801"}],"version-history":[{"count":2,"href":"https:\/\/www.gwennili.net\/fr\/wp-json\/wp\/v2\/posts\/7801\/revisions"}],"predecessor-version":[{"id":7910,"href":"https:\/\/www.gwennili.net\/fr\/wp-json\/wp\/v2\/posts\/7801\/revisions\/7910"}],"wp:featuredmedia":[{"embeddable":true,"href":"https:\/\/www.gwennili.net\/fr\/wp-json\/wp\/v2\/media\/7806"}],"wp:attachment":[{"href":"https:\/\/www.gwennili.net\/fr\/wp-json\/wp\/v2\/media?parent=7801"}],"wp:term":[{"taxonomy":"category","embeddable":true,"href":"https:\/\/www.gwennili.net\/fr\/wp-json\/wp\/v2\/categories?post=7801"},{"taxonomy":"post_tag","embeddable":true,"href":"https:\/\/www.gwennili.net\/fr\/wp-json\/wp\/v2\/tags?post=7801"}],"curies":[{"name":"wp","href":"https:\/\/api.w.org\/{rel}","templated":true}]}}