{"id":8495,"date":"2023-01-27T11:27:11","date_gmt":"2023-01-27T10:27:11","guid":{"rendered":"https:\/\/www.gwennili.net\/fr\/?p=8495"},"modified":"2023-01-27T11:27:17","modified_gmt":"2023-01-27T10:27:17","slug":"temoignage-emma-2023","status":"publish","type":"post","link":"https:\/\/www.gwennili.net\/fr\/temoignage-emma-2023\/","title":{"rendered":"T\u00e9moignage d&#8217;Emma, volontaire europ\u00e9enne au Coll\u00e8ge-Lyc\u00e9e Saint Louis \u00e0 Ch\u00e2teaulin"},"content":{"rendered":"<p><strong>Dans le cadre du programme \u00ab Corps Europ\u00e9en de Solidarit\u00e9 \u00bb, nous accueillons Emma, volontaire allemande, depuis la mi-septembre 2022. Elle r\u00e9alise ses missions au sein du Coll\u00e8ge-Lyc\u00e9e Saint Louis \u00e0 Ch\u00e2teaulin, et ce jusqu&#8217;\u00e0 la fin de l&#8217;ann\u00e9e scolaire, en juin 2023. Arriv\u00e9e \u00e0 la moiti\u00e9 de son volontariat, elle nous partage son ressenti via ce t\u00e9moignage<\/strong><\/p>\n<p data-pm-slice=\"1 1 []\">&#8221; Salut tout le monde \ud83d\ude42<\/p>\n<p>Je m\u00b4appelle Emma, j\u00b4ai 18 ans et je viens de Hambourg, une grande ville au nord de l\u00b4Allemagne. \u00c0 la fin de mon baccalaur\u00e9at j\u00b4ai d\u00e9cid\u00e9 de faire un volontariat en Bretagne. En t\u00eate j\u00b4avais plusieurs objectifs. Je voulais am\u00e9liorer mon fran\u00e7ais, faire de nouvelles exp\u00e9riences et d\u00e9couvrir &#8220;la vie en Bretagne&#8221;.<\/p>\n<p>Vous vous demandez peut-\u00eatre pourquoi j\u00b4ai d\u00e9cid\u00e9 de faire un volontariat en Bretagne, une r\u00e9gion connue pour la pluie : Car ce n\u00b4est pas la premi\u00e8re fois que je viens en Bretagne, et je sais tr\u00e8s bien qu\u00b4il y a plein de choses \u00e0 appr\u00e9cier\u00a0! Avec sa nature vaste et pr\u00e9serv\u00e9e, ses galettes au bl\u00e9 noir, ses hortensias \u00e9clatants en \u00e9t\u00e9 et la mentalit\u00e9 accueillante et chaleureuse des bretons, la Bretagne est vraiment un de mes endroits pr\u00e9f\u00e9r\u00e9s en France.<\/p>\n<p>Je ne suis pas venue en France uniquement pour am\u00e9liorer de mon fran\u00e7ais, mais surtout pour mon d\u00e9veloppement personnel. J\u00b4ai voulu faire l\u00b4exp\u00e9rience de vivre dans un pays \u00e9tranger loin de ma famille et de mes proches. Pour \u00eatre honn\u00eate \u00e7a m\u00b4est d\u00e9j\u00e0 arriv\u00e9e d&#8217;avoir le mal du pays et que le c\u00e2lin de ma m\u00e8re me manque beaucoup. Mais c\u00b4est ce qui nous fait grandir, se mettre dans des situations en dehors de notre zone de confort.<\/p>\n<p>Comme c\u00b4est \u00e9vident quand on part dans un autre pays, j\u00b4ai remarqu\u00e9 quelques particularit\u00e9s fran\u00e7aises. Une chose, qui \u00e9tait d\u00e9j\u00e0 mentionn\u00e9e par une autre volontaire l\u00b4ann\u00e9e derni\u00e8re et que j\u00b4avais d\u00e9j\u00e0 observ\u00e9 en 2018 pendant un \u00e9change scolaire \u00e0 Rouen, est qu\u00b4il y a des crottes de chien partout ! Donc quand tu te prom\u00e8nes, il faut que tu fasses attention o\u00f9 tu mets tes pieds. Une autre chose que j\u00b4ai d\u00e9j\u00e0 remarqu\u00e9e en 2021 quand je faisais du babysitting \u00e0 Clisson et qui s\u00b4est confirm\u00e9e ici, c\u00b4est le fait que les fran\u00e7ais mangent tellement de yaourts&#8230; Dans tous les sacs poubelles que je vois dans la rue il y a des emballages de yaourts. En effet, la France consomme \u00e0 peu pr\u00e8s 2.5 millions tonnes de yaourt par jour.<\/p>\n<p>Mon travail au lyc\u00e9e et coll\u00e8ge St. Louis \u00e0 Ch\u00e2teaulin m\u00b4a d\u00e9j\u00e0 appris plein de choses. Le volontariat me permet de d\u00e9couvrir le m\u00e9tier de professeur, un m\u00e9tier ex\u00e9cut\u00e9 par mes parents, et de gagner plus de confiance en moi-m\u00eame, parce qu\u00b4il faut quand m\u00eame un peu du courage pour se mettre devant une classe d\u00b4adolescents. Maintenant je sais combien du travail se cache derri\u00e8re ce m\u00e9tier. Il faut pr\u00e9parer les cours, corriger les \u00e9valuations, \u00eatre ouvert pour tous les probl\u00e8mes particuliers des \u00e9l\u00e8ves diff\u00e9rents et en m\u00eame temps se souvenir de toutes les devoirs qui tu as donn\u00e9 aux classes. Et comment peux-tu faire pour te souvenir d\u00b4autant noms\u00a0:). Maintenant je comprends que \u00e7a fait bizarre quand les \u00e9l\u00e8ves rient pendant que tu fais le cours. Donc, \u00e0 ce moment-l\u00e0, je suis d\u00e9sol\u00e9e pour mes anciens profs, car j\u00b4ai surement fait pareil parfois. \u00catre un prof, ce n\u00b4est aussi facile que l\u00b4on croit. Mais de l\u00b4autre c\u00f4t\u00e9, d\u00b4\u00eatre professeur te permets de partager de bons moments avec les \u00e9l\u00e8ves et de leur donner l\u00b4envie d\u00b4apprendre et de se fixer des objectifs, parce que c\u00b4est \u00e7a qui compte dans la vie, de donner du sens \u00e0 ta vie et de trouver ton r\u00f4le dans notre soci\u00e9t\u00e9.<\/p>\n<p>En parlant d\u00b4habiter \u00e0 Quimper avec cinq autres volontaires qui ont des nationalit\u00e9s diff\u00e9rentes, il faut dire que c\u00b4est une exp\u00e9rience hyper riche\u00a0! Tous les soirs on se raconte ce qui s\u00b4est pass\u00e9 pendant la journ\u00e9e en alternant entre les langues\u00a0: italien, fran\u00e7ais, anglais, portugais et allemand. On joue des jeux de soci\u00e9t\u00e9 et on rigole beaucoup. Les week-ends on voyage et on vit des moments hyper dr\u00f4les ensemble. \u00c0 cause de la diff\u00e9rence d\u00b4\u00e2ge, on se compl\u00e8te mutuellement. Ils m\u00b4ont d\u00e9j\u00e0 beaucoup appris, en concernant les avis politiques et aussi les sagesses de la vie en g\u00e9n\u00e9ral. Le fait d\u00b4habiter dans une maison ensemble nous apprend comment vivre dans une colocation sans disputes. Et s\u00b4il y en a des disputes on apprend \u00e0 les g\u00e9rer. On est devenu une petite famille qui se soutient et je l\u00b4appr\u00e9cie beaucoup\u00a0!<\/p>\n<p>Pour terminer, je peux dire que j\u00b4ai d\u00e9j\u00e0 pass\u00e9 des mois hyper beaux et enrichissant ici en Bretagne et je me r\u00e9jouis d\u00e9j\u00e0 de ce qui va suivre ! Merci pour cette opportunit\u00e9 ! &#8220;<\/p>\n","protected":false},"excerpt":{"rendered":"<p>Dans le cadre du programme \u00ab Corps Europ\u00e9en de Solidarit\u00e9 \u00bb, nous accueillons Emma, volontaire allemande, depuis la mi-septembre 2022. Elle r\u00e9alise ses missions au sein du Coll\u00e8ge-Lyc\u00e9e Saint Louis [&hellip;]<\/p>\n","protected":false},"author":1,"featured_media":8496,"comment_status":"open","ping_status":"open","sticky":false,"template":"","format":"standard","meta":{"footnotes":""},"categories":[98,96,94],"tags":[],"yoast_head":"<!-- This site is optimized with the Yoast SEO plugin v23.5 - https:\/\/yoast.com\/wordpress\/plugins\/seo\/ -->\n<title>T\u00e9moignage d&#039;Emma, volontaire europ\u00e9enne au Coll\u00e8ge-Lyc\u00e9e Saint Louis \u00e0 Ch\u00e2teaulin - Gwennili<\/title>\n<meta name=\"robots\" content=\"index, follow, max-snippet:-1, max-image-preview:large, max-video-preview:-1\" \/>\n<link rel=\"canonical\" href=\"https:\/\/www.gwennili.net\/fr\/temoignage-emma-2023\/\" \/>\n<meta property=\"og:locale\" content=\"fr_FR\" \/>\n<meta property=\"og:type\" content=\"article\" \/>\n<meta property=\"og:title\" content=\"T\u00e9moignage d&#039;Emma, volontaire europ\u00e9enne au Coll\u00e8ge-Lyc\u00e9e Saint Louis \u00e0 Ch\u00e2teaulin - Gwennili\" \/>\n<meta property=\"og:description\" content=\"Dans le cadre du programme \u00ab Corps Europ\u00e9en de Solidarit\u00e9 \u00bb, nous accueillons Emma, volontaire allemande, depuis la mi-septembre 2022. Elle r\u00e9alise ses missions au sein du Coll\u00e8ge-Lyc\u00e9e Saint Louis [&hellip;]\" \/>\n<meta property=\"og:url\" content=\"https:\/\/www.gwennili.net\/fr\/temoignage-emma-2023\/\" \/>\n<meta property=\"og:site_name\" content=\"Gwennili\" \/>\n<meta property=\"article:published_time\" content=\"2023-01-27T10:27:11+00:00\" \/>\n<meta property=\"article:modified_time\" content=\"2023-01-27T10:27:17+00:00\" \/>\n<meta property=\"og:image\" content=\"https:\/\/www.gwennili.net\/fr\/wp-content\/uploads\/2023\/01\/Newsletter-Septembre-2022-1024x819.png\" \/>\n\t<meta property=\"og:image:width\" content=\"1024\" \/>\n\t<meta property=\"og:image:height\" content=\"819\" \/>\n\t<meta property=\"og:image:type\" content=\"image\/png\" \/>\n<meta name=\"author\" content=\"Gwennili\" \/>\n<meta name=\"twitter:card\" content=\"summary_large_image\" \/>\n<meta name=\"twitter:label1\" content=\"\u00c9crit par\" \/>\n\t<meta name=\"twitter:data1\" content=\"Gwennili\" \/>\n\t<meta name=\"twitter:label2\" content=\"Dur\u00e9e de lecture estim\u00e9e\" \/>\n\t<meta name=\"twitter:data2\" content=\"4 minutes\" \/>\n<script type=\"application\/ld+json\" class=\"yoast-schema-graph\">{\"@context\":\"https:\/\/schema.org\",\"@graph\":[{\"@type\":\"WebPage\",\"@id\":\"https:\/\/www.gwennili.net\/fr\/temoignage-emma-2023\/\",\"url\":\"https:\/\/www.gwennili.net\/fr\/temoignage-emma-2023\/\",\"name\":\"T\u00e9moignage d'Emma, volontaire europ\u00e9enne au Coll\u00e8ge-Lyc\u00e9e Saint Louis \u00e0 Ch\u00e2teaulin - Gwennili\",\"isPartOf\":{\"@id\":\"https:\/\/www.gwennili.net\/fr\/#website\"},\"primaryImageOfPage\":{\"@id\":\"https:\/\/www.gwennili.net\/fr\/temoignage-emma-2023\/#primaryimage\"},\"image\":{\"@id\":\"https:\/\/www.gwennili.net\/fr\/temoignage-emma-2023\/#primaryimage\"},\"thumbnailUrl\":\"https:\/\/www.gwennili.net\/fr\/wp-content\/uploads\/2023\/01\/Newsletter-Septembre-2022.png\",\"datePublished\":\"2023-01-27T10:27:11+00:00\",\"dateModified\":\"2023-01-27T10:27:17+00:00\",\"author\":{\"@id\":\"https:\/\/www.gwennili.net\/fr\/#\/schema\/person\/59e500ee44b5df14f4af99b08f3418c0\"},\"breadcrumb\":{\"@id\":\"https:\/\/www.gwennili.net\/fr\/temoignage-emma-2023\/#breadcrumb\"},\"inLanguage\":\"fr-FR\",\"potentialAction\":[{\"@type\":\"ReadAction\",\"target\":[\"https:\/\/www.gwennili.net\/fr\/temoignage-emma-2023\/\"]}]},{\"@type\":\"ImageObject\",\"inLanguage\":\"fr-FR\",\"@id\":\"https:\/\/www.gwennili.net\/fr\/temoignage-emma-2023\/#primaryimage\",\"url\":\"https:\/\/www.gwennili.net\/fr\/wp-content\/uploads\/2023\/01\/Newsletter-Septembre-2022.png\",\"contentUrl\":\"https:\/\/www.gwennili.net\/fr\/wp-content\/uploads\/2023\/01\/Newsletter-Septembre-2022.png\",\"width\":2000,\"height\":1600},{\"@type\":\"BreadcrumbList\",\"@id\":\"https:\/\/www.gwennili.net\/fr\/temoignage-emma-2023\/#breadcrumb\",\"itemListElement\":[{\"@type\":\"ListItem\",\"position\":1,\"name\":\"Accueil\",\"item\":\"https:\/\/www.gwennili.net\/fr\/\"},{\"@type\":\"ListItem\",\"position\":2,\"name\":\"T\u00e9moignage d&#8217;Emma, volontaire europ\u00e9enne au Coll\u00e8ge-Lyc\u00e9e Saint Louis \u00e0 Ch\u00e2teaulin\"}]},{\"@type\":\"WebSite\",\"@id\":\"https:\/\/www.gwennili.net\/fr\/#website\",\"url\":\"https:\/\/www.gwennili.net\/fr\/\",\"name\":\"Gwennili\",\"description\":\"Rencontres et \u00c9changes Interculturels\",\"potentialAction\":[{\"@type\":\"SearchAction\",\"target\":{\"@type\":\"EntryPoint\",\"urlTemplate\":\"https:\/\/www.gwennili.net\/fr\/?s={search_term_string}\"},\"query-input\":{\"@type\":\"PropertyValueSpecification\",\"valueRequired\":true,\"valueName\":\"search_term_string\"}}],\"inLanguage\":\"fr-FR\"},{\"@type\":\"Person\",\"@id\":\"https:\/\/www.gwennili.net\/fr\/#\/schema\/person\/59e500ee44b5df14f4af99b08f3418c0\",\"name\":\"Gwennili\",\"image\":{\"@type\":\"ImageObject\",\"inLanguage\":\"fr-FR\",\"@id\":\"https:\/\/www.gwennili.net\/fr\/#\/schema\/person\/image\/\",\"url\":\"https:\/\/secure.gravatar.com\/avatar\/fe240fcee52441370a0cd01725314893?s=96&d=mm&r=g\",\"contentUrl\":\"https:\/\/secure.gravatar.com\/avatar\/fe240fcee52441370a0cd01725314893?s=96&d=mm&r=g\",\"caption\":\"Gwennili\"},\"description\":\"Gwennili est une asso qui favorise les rencontres interculturelles, en Europe, entre jeunes de 16 \u00e0 25 ans. Vous souhaitez partir seul ou en groupe ? Dans le cadre scolaire ou pendant les vacances ? Vous souhaitez partir \u00e0 l'\u00e9tranger dans le cadre du Service Volontaire Europ\u00e9en ? Nous vous y aidons ! Alors, contactez-nous !!\",\"url\":\"https:\/\/www.gwennili.net\/fr\/author\/admin\/\"}]}<\/script>\n<!-- \/ Yoast SEO plugin. -->","yoast_head_json":{"title":"T\u00e9moignage d'Emma, volontaire europ\u00e9enne au Coll\u00e8ge-Lyc\u00e9e Saint Louis \u00e0 Ch\u00e2teaulin - Gwennili","robots":{"index":"index","follow":"follow","max-snippet":"max-snippet:-1","max-image-preview":"max-image-preview:large","max-video-preview":"max-video-preview:-1"},"canonical":"https:\/\/www.gwennili.net\/fr\/temoignage-emma-2023\/","og_locale":"fr_FR","og_type":"article","og_title":"T\u00e9moignage d'Emma, volontaire europ\u00e9enne au Coll\u00e8ge-Lyc\u00e9e Saint Louis \u00e0 Ch\u00e2teaulin - Gwennili","og_description":"Dans le cadre du programme \u00ab Corps Europ\u00e9en de Solidarit\u00e9 \u00bb, nous accueillons Emma, volontaire allemande, depuis la mi-septembre 2022. Elle r\u00e9alise ses missions au sein du Coll\u00e8ge-Lyc\u00e9e Saint Louis [&hellip;]","og_url":"https:\/\/www.gwennili.net\/fr\/temoignage-emma-2023\/","og_site_name":"Gwennili","article_published_time":"2023-01-27T10:27:11+00:00","article_modified_time":"2023-01-27T10:27:17+00:00","og_image":[{"width":1024,"height":819,"url":"https:\/\/www.gwennili.net\/fr\/wp-content\/uploads\/2023\/01\/Newsletter-Septembre-2022-1024x819.png","type":"image\/png"}],"author":"Gwennili","twitter_card":"summary_large_image","twitter_misc":{"\u00c9crit par":"Gwennili","Dur\u00e9e de lecture estim\u00e9e":"4 minutes"},"schema":{"@context":"https:\/\/schema.org","@graph":[{"@type":"WebPage","@id":"https:\/\/www.gwennili.net\/fr\/temoignage-emma-2023\/","url":"https:\/\/www.gwennili.net\/fr\/temoignage-emma-2023\/","name":"T\u00e9moignage d'Emma, volontaire europ\u00e9enne au Coll\u00e8ge-Lyc\u00e9e Saint Louis \u00e0 Ch\u00e2teaulin - Gwennili","isPartOf":{"@id":"https:\/\/www.gwennili.net\/fr\/#website"},"primaryImageOfPage":{"@id":"https:\/\/www.gwennili.net\/fr\/temoignage-emma-2023\/#primaryimage"},"image":{"@id":"https:\/\/www.gwennili.net\/fr\/temoignage-emma-2023\/#primaryimage"},"thumbnailUrl":"https:\/\/www.gwennili.net\/fr\/wp-content\/uploads\/2023\/01\/Newsletter-Septembre-2022.png","datePublished":"2023-01-27T10:27:11+00:00","dateModified":"2023-01-27T10:27:17+00:00","author":{"@id":"https:\/\/www.gwennili.net\/fr\/#\/schema\/person\/59e500ee44b5df14f4af99b08f3418c0"},"breadcrumb":{"@id":"https:\/\/www.gwennili.net\/fr\/temoignage-emma-2023\/#breadcrumb"},"inLanguage":"fr-FR","potentialAction":[{"@type":"ReadAction","target":["https:\/\/www.gwennili.net\/fr\/temoignage-emma-2023\/"]}]},{"@type":"ImageObject","inLanguage":"fr-FR","@id":"https:\/\/www.gwennili.net\/fr\/temoignage-emma-2023\/#primaryimage","url":"https:\/\/www.gwennili.net\/fr\/wp-content\/uploads\/2023\/01\/Newsletter-Septembre-2022.png","contentUrl":"https:\/\/www.gwennili.net\/fr\/wp-content\/uploads\/2023\/01\/Newsletter-Septembre-2022.png","width":2000,"height":1600},{"@type":"BreadcrumbList","@id":"https:\/\/www.gwennili.net\/fr\/temoignage-emma-2023\/#breadcrumb","itemListElement":[{"@type":"ListItem","position":1,"name":"Accueil","item":"https:\/\/www.gwennili.net\/fr\/"},{"@type":"ListItem","position":2,"name":"T\u00e9moignage d&#8217;Emma, volontaire europ\u00e9enne au Coll\u00e8ge-Lyc\u00e9e Saint Louis \u00e0 Ch\u00e2teaulin"}]},{"@type":"WebSite","@id":"https:\/\/www.gwennili.net\/fr\/#website","url":"https:\/\/www.gwennili.net\/fr\/","name":"Gwennili","description":"Rencontres et \u00c9changes Interculturels","potentialAction":[{"@type":"SearchAction","target":{"@type":"EntryPoint","urlTemplate":"https:\/\/www.gwennili.net\/fr\/?s={search_term_string}"},"query-input":{"@type":"PropertyValueSpecification","valueRequired":true,"valueName":"search_term_string"}}],"inLanguage":"fr-FR"},{"@type":"Person","@id":"https:\/\/www.gwennili.net\/fr\/#\/schema\/person\/59e500ee44b5df14f4af99b08f3418c0","name":"Gwennili","image":{"@type":"ImageObject","inLanguage":"fr-FR","@id":"https:\/\/www.gwennili.net\/fr\/#\/schema\/person\/image\/","url":"https:\/\/secure.gravatar.com\/avatar\/fe240fcee52441370a0cd01725314893?s=96&d=mm&r=g","contentUrl":"https:\/\/secure.gravatar.com\/avatar\/fe240fcee52441370a0cd01725314893?s=96&d=mm&r=g","caption":"Gwennili"},"description":"Gwennili est une asso qui favorise les rencontres interculturelles, en Europe, entre jeunes de 16 \u00e0 25 ans. Vous souhaitez partir seul ou en groupe ? Dans le cadre scolaire ou pendant les vacances ? Vous souhaitez partir \u00e0 l'\u00e9tranger dans le cadre du Service Volontaire Europ\u00e9en ? Nous vous y aidons ! Alors, contactez-nous !!","url":"https:\/\/www.gwennili.net\/fr\/author\/admin\/"}]}},"_links":{"self":[{"href":"https:\/\/www.gwennili.net\/fr\/wp-json\/wp\/v2\/posts\/8495"}],"collection":[{"href":"https:\/\/www.gwennili.net\/fr\/wp-json\/wp\/v2\/posts"}],"about":[{"href":"https:\/\/www.gwennili.net\/fr\/wp-json\/wp\/v2\/types\/post"}],"author":[{"embeddable":true,"href":"https:\/\/www.gwennili.net\/fr\/wp-json\/wp\/v2\/users\/1"}],"replies":[{"embeddable":true,"href":"https:\/\/www.gwennili.net\/fr\/wp-json\/wp\/v2\/comments?post=8495"}],"version-history":[{"count":4,"href":"https:\/\/www.gwennili.net\/fr\/wp-json\/wp\/v2\/posts\/8495\/revisions"}],"predecessor-version":[{"id":8500,"href":"https:\/\/www.gwennili.net\/fr\/wp-json\/wp\/v2\/posts\/8495\/revisions\/8500"}],"wp:featuredmedia":[{"embeddable":true,"href":"https:\/\/www.gwennili.net\/fr\/wp-json\/wp\/v2\/media\/8496"}],"wp:attachment":[{"href":"https:\/\/www.gwennili.net\/fr\/wp-json\/wp\/v2\/media?parent=8495"}],"wp:term":[{"taxonomy":"category","embeddable":true,"href":"https:\/\/www.gwennili.net\/fr\/wp-json\/wp\/v2\/categories?post=8495"},{"taxonomy":"post_tag","embeddable":true,"href":"https:\/\/www.gwennili.net\/fr\/wp-json\/wp\/v2\/tags?post=8495"}],"curies":[{"name":"wp","href":"https:\/\/api.w.org\/{rel}","templated":true}]}}