{"id":8674,"date":"2023-04-26T10:00:31","date_gmt":"2023-04-26T08:00:31","guid":{"rendered":"https:\/\/www.gwennili.net\/fr\/?p=8674"},"modified":"2023-04-26T10:13:58","modified_gmt":"2023-04-26T08:13:58","slug":"temoignage-ces-envoi-ambre","status":"publish","type":"post","link":"https:\/\/www.gwennili.net\/fr\/temoignage-ces-envoi-ambre\/","title":{"rendered":"CES \u00e0 l&#8217;Envoi &#8211; T\u00e9moignage de Ambre, volontaire europ\u00e9enne \u00e0 Fryshuset, en Su\u00e8de"},"content":{"rendered":"<p><strong>Dans le cadre du programme \u00ab Corps Europ\u00e9en de Solidarit\u00e9 \u00bb, Gwennili est association d&#8217;envoi pour tout jeune de 18 \u00e0 30 ans r\u00e9sidant dans le Finist\u00e8re Sud. Et ce mois-ci, nous vous proposons de vous immerger dans le r\u00e9cit d&#8217;Ambre, une jeune de 23 ans partie r\u00e9aliser un volontariat europ\u00e9en en Su\u00e8de d&#8217;un an depuis janvier dernier. D\u00e9couvrez-l\u00e0 au travers de ses missions de volontariat, de son regard et de ses anecdotes \ud83d\ude42<\/strong><\/p>\n<p data-pm-slice=\"1 1 []\">&#8220;Moi c\u2019est Ambre, 23 ans, Bretonne et fi\u00e8re de l\u2019\u00eatre mais ayant quitt\u00e9 ses terres natales il y a 3 mois pour le pays des aurores bor\u00e9ales d\u2019Abba, d\u2019Ikea et de Zlatan Ibrahimovi\u0107\u2026 la Su\u00e8de !<\/p>\n<p><img loading=\"lazy\" decoding=\"async\" class=\"size-full wp-image-8677 alignleft\" src=\"https:\/\/www.gwennili.net\/fr\/wp-content\/uploads\/2023\/04\/Temoignage-Ambre-CES-Envoi.png\" alt=\"\" width=\"2000\" height=\"1600\" srcset=\"https:\/\/www.gwennili.net\/fr\/wp-content\/uploads\/2023\/04\/Temoignage-Ambre-CES-Envoi.png 2000w, https:\/\/www.gwennili.net\/fr\/wp-content\/uploads\/2023\/04\/Temoignage-Ambre-CES-Envoi-300x240.png 300w, https:\/\/www.gwennili.net\/fr\/wp-content\/uploads\/2023\/04\/Temoignage-Ambre-CES-Envoi-1024x819.png 1024w, https:\/\/www.gwennili.net\/fr\/wp-content\/uploads\/2023\/04\/Temoignage-Ambre-CES-Envoi-768x614.png 768w, https:\/\/www.gwennili.net\/fr\/wp-content\/uploads\/2023\/04\/Temoignage-Ambre-CES-Envoi-1536x1229.png 1536w\" sizes=\"(max-width: 2000px) 100vw, 2000px\" \/>\u00c0 vrai dire, je suis assez loin de voir les aurores bor\u00e9ales puisque j\u2019habite tout au sud de la Su\u00e8de, dans la ville natale de Zlatan : Malm\u00f6. Ce qui est g\u00e9nial ici c\u2019est que la ville est peu ch\u00e8re pour le pays, dynamique, verte, culturelle, jolie et la cerise sur le g\u00e2teau : elle est situ\u00e9e \u00e0 20 minutes, en traversant le pont de l&#8217;\u00d8resund en train, du Danemark ! J\u2019en ai donc profit\u00e9 pour notamment visiter sa capitale, Copenhague.<\/p>\n<p>Avant de partir, je venais de finir mes \u00e9tudes et me demandais quelle serait la suite. J\u2019ai \u00e9tudi\u00e9 2 ans en communication des organisations (DUT) puis un an en graphisme en Irlande pour finir avec un Master en Mus\u00e9ologie et communication culturelle \u00e0 Avignon. Ce dernier s\u2019est sold\u00e9 par 6 mois de stage \u00e0 Montr\u00e9al et a achev\u00e9 de me donner le go\u00fbt du voyage. Je suis donc reparti, cette fois en Su\u00e8de, dans le cadre d\u2019un volontariat d\u2019un an dans une organisation \u0153uvrant pour la jeunesse : Fryshuset.<\/p>\n<p>L\u2019objectif de Fryshuset est de faire en sorte que les jeunes aient les cl\u00e9s pour se r\u00e9aliser et r\u00e9aliser leurs projets mais aussi de mener des projets \u00e0 leur encontre. Fryshuset ouvre ses espaces 3 fois par semaine pour les jeunes (dot\u00e9s notamment d\u2019une salle de concert, de danse, d\u2019un studio d\u2019enregistrement, d\u2019un espace partag\u00e9 avec une t\u00e9l\u00e9vision destin\u00e9e \u00e0 \u201cchiller\u201d) et le reste du temps l\u2019\u00e9quipe travaille sur des projets plus cons\u00e9quents incluant l\u2019organisation de nombreux \u00e9v\u00e9nements et activit\u00e9s : Breakdance, P\u00e2ques, No\u00ebl, dons de v\u00eatements, camps de vacances, etc.<\/p>\n<p>Moi, ma vraie mission, c\u2019est la communication. Comme vous pouvez l\u2019imaginer il se passe beaucoup de chose \u00e0 Fryshuset, beaucoup, beaucoup de choses. D\u00e8s mon arriv\u00e9e il a donc fallu s\u2019organiser et monter un plan de communication pour que tous les acteurs, externes et internes, soient au courant des festivit\u00e9s et des derni\u00e8res nouvelles. Une \u00e9quipe de choc s\u2019est donc form\u00e9e, compos\u00e9e des 4 fantastiques : Solenne (communicante dans l\u2019\u00e2me), Auriane (graphiste aguerrie), Ana\u00efs (organisatrice d\u2019\u00e9v\u00e9nements hors pair) et moi-m\u00eame. Vous le croirez ou non mais nous participons toutes au m\u00eame volontariat et sommes toutes les 4 fran\u00e7aises, dont 3 bretonnes qui ne se connaissaient absolument pas initialement. Le hasard nous a rassembl\u00e9. L\u2019avantage est que l\u2019on s\u2019entend super bien, le d\u00e9savantage c\u2019est que \u00e7a ne nous aide pas dans la pratique de la langue locale\u2026<\/p>\n<p>Mis \u00e0 part la communication, il m\u2019arrive souvent d\u2019aider lors des \u00e9v\u00e9nements, \u00e0 la mise en place, au d\u00e9roulement, \u00e0 la couverture photo et vid\u00e9o, etc. C\u2019est g\u00e9nial parce que c\u2019est tr\u00e8s vari\u00e9, chaque semaine est diff\u00e9rente et riche en rencontres et en d\u00e9couvertes. J\u2019ai en plus la chance de travailler avec une super \u00e9quipe, loin des clich\u00e9s d\u00e9crivant les Su\u00e9dois comme r\u00e9serv\u00e9s et peu bavards, et travaillant dans l\u2019horizontalit\u00e9 la plus totale, dans une ambiance tr\u00e8s d\u00e9tendue et bienveillante.<\/p>\n<p>Mes premiers mois de volontariat furent bien remplis. J\u2019ai pu rencontrer de nombreux volontaires engag\u00e9s dans le m\u00eame programme que moi \u00e0 Stockholm lors de la formation d\u2019arriv\u00e9e et \u00e0 G\u00f6teborg lors d\u2019un rassemblement organis\u00e9 \u00e0 l\u2019initiative de certains d\u2019entre eux. J\u2019ai aussi commenc\u00e9 \u00e0 vadrouiller dans le pays, visiter de nombreuses villes (Lund, Uppsala, Helsingborg, Sigtuna, etc.), me balader le long des c\u00f4tes avec les fameuses maisons rouges, \u00eatre b\u00e9n\u00e9vole pour un festival de film, profiter de la patinoire gratuite en hiver, assister \u00e0 un match de hockey sur glace, faire des graffitis pour la premi\u00e8re fois\u2026 Je m\u2019amuse donc bien et j\u2019ai vraiment h\u00e2te de vivre ces prochains mois !<\/p>\n<p>Je vais conclure mon t\u00e9moignage sur quelques faits amusants sur la Su\u00e8de :<\/p>\n<ul>\n<li>&#8211; Ils ont une religion bien install\u00e9e : le <em>Fika<\/em>, la fameuse pause-caf\u00e9. Au moins deux fois par jour (si ce n\u2019est plus), les Su\u00e9dois se retrouvent autour d\u2019un caf\u00e9 et d\u2019un g\u00e2teau (g\u00e9n\u00e9ralement un <em>Kanelbulle<\/em> ou un <em>Kardemummabullar<\/em> qui sont des brioches \u00e0 la cannelle ou \u00e0 la cardamome) et \u00e7a ne se refuse pas !<\/li>\n<li>&#8211; Les Su\u00e9dois mangent en moyenne deux fois plus de bonbons que dans le reste de l\u2019UE. Une famille comprenant deux adultes et deux enfants, mange en moyenne 1,2 kilos de bonbons par semaine !<\/li>\n<li>&#8211; Il n\u2019est pas rare de voir des poussettes abandonn\u00e9es et align\u00e9es dans la rue devant des caf\u00e9s ou des maisons, c\u2019est en fait l\u2019heure de sieste pour les b\u00e9b\u00e9s. Beaucoup de parents font dormir leurs enfants dehors, ainsi ils dormiraient plus profond\u00e9ment et plus longtemps et cela renforcerait leur syst\u00e8me immunitaire. Je vous rassure, ils sont bien emmitoufl\u00e9s en hiver\u2026 !<\/li>\n<li>&#8211; Le roi de Su\u00e8de, Carl XVI Gustaf, descend d\u2019une lign\u00e9e fran\u00e7aise, les Bernadotte !<\/li>\n<li>&#8211; Au-del\u00e0 de ceux que je vous ai d\u00e9j\u00e0 cit\u00e9s, la Su\u00e8de c\u2019est aussi Spotify, Volvo, Fifi Brindacier, H&amp;M, Ericsson ou encore Electrolux.<\/li>\n<li>&#8211; Le Danemark et la Su\u00e8de sont deux meilleurs ennemis, cela provient d\u2019ann\u00e9es d\u2019hostilit\u00e9s ayant d\u00e9but\u00e9es au 17e si\u00e8cle pour savoir \u00e0 qui appartient la r\u00e9gion o\u00f9 je vis : la Scanie.<\/li>\n<li>&#8211; Les Su\u00e9dois mangent beaucoup de sandwichs mais avec une seule tranche de pain, un <em>sm\u00f6rg\u00e5s<\/em>, cela remonterait au XVe si\u00e8cle lorsque les Su\u00e9dois utilisaient ces tranches de pain \u00e9paisses comme des assiettes.<\/li>\n<li>&#8211; Leur pain est bien diff\u00e9rent du n\u00f4tre et est souvent remplac\u00e9 par un pain croquant : les <em>kn\u00e4ckebr\u00f6d<\/em>. Ils en ont des rayons entiers dans les magasins !<\/li>\n<li>&#8211; La vente d\u2019alcool de plus de 3,5% est contr\u00f4l\u00e9e par l\u2019\u00c9tat et vendue dans les magasins <em>Systembolaget<\/em>, comme au Qu\u00e9bec.<\/li>\n<\/ul>\n<p>J\u2019esp\u00e8re que vous aurez appris quelques petites anecdotes, si vous en avez l\u2019occasion, je conseille vivement de vous lancer dans un CES (Corps Europ\u00e9en de Solidarit\u00e9) et de partir d\u00e9couvrir l\u2019Europe ! &#8220;<\/p>\n","protected":false},"excerpt":{"rendered":"<p>Dans le cadre du programme \u00ab Corps Europ\u00e9en de Solidarit\u00e9 \u00bb, Gwennili est association d&#8217;envoi pour tout jeune de 18 \u00e0 30 ans r\u00e9sidant dans le Finist\u00e8re Sud. Et ce [&hellip;]<\/p>\n","protected":false},"author":1,"featured_media":8680,"comment_status":"open","ping_status":"closed","sticky":false,"template":"","format":"standard","meta":{"footnotes":""},"categories":[98,96,94,103,106],"tags":[],"yoast_head":"<!-- This site is optimized with the Yoast SEO plugin v23.5 - https:\/\/yoast.com\/wordpress\/plugins\/seo\/ -->\n<title>CES \u00e0 l&#039;Envoi - T\u00e9moignage de Ambre, volontaire europ\u00e9enne \u00e0 Fryshuset, en Su\u00e8de - Gwennili<\/title>\n<meta name=\"robots\" content=\"index, follow, max-snippet:-1, max-image-preview:large, max-video-preview:-1\" \/>\n<link rel=\"canonical\" href=\"https:\/\/www.gwennili.net\/fr\/temoignage-ces-envoi-ambre\/\" \/>\n<meta property=\"og:locale\" content=\"fr_FR\" \/>\n<meta property=\"og:type\" content=\"article\" \/>\n<meta property=\"og:title\" content=\"CES \u00e0 l&#039;Envoi - T\u00e9moignage de Ambre, volontaire europ\u00e9enne \u00e0 Fryshuset, en Su\u00e8de - Gwennili\" \/>\n<meta property=\"og:description\" content=\"Dans le cadre du programme \u00ab Corps Europ\u00e9en de Solidarit\u00e9 \u00bb, Gwennili est association d&#8217;envoi pour tout jeune de 18 \u00e0 30 ans r\u00e9sidant dans le Finist\u00e8re Sud. Et ce [&hellip;]\" \/>\n<meta property=\"og:url\" content=\"https:\/\/www.gwennili.net\/fr\/temoignage-ces-envoi-ambre\/\" \/>\n<meta property=\"og:site_name\" content=\"Gwennili\" \/>\n<meta property=\"article:published_time\" content=\"2023-04-26T08:00:31+00:00\" \/>\n<meta property=\"article:modified_time\" content=\"2023-04-26T08:13:58+00:00\" \/>\n<meta property=\"og:image\" content=\"https:\/\/www.gwennili.net\/fr\/wp-content\/uploads\/2023\/04\/Temoignage-Ambre-CES-Envoi-1024x819.png\" \/>\n\t<meta property=\"og:image:width\" content=\"1024\" \/>\n\t<meta property=\"og:image:height\" content=\"819\" \/>\n\t<meta property=\"og:image:type\" content=\"image\/png\" \/>\n<meta name=\"author\" content=\"Gwennili\" \/>\n<meta name=\"twitter:card\" content=\"summary_large_image\" \/>\n<meta name=\"twitter:label1\" content=\"\u00c9crit par\" \/>\n\t<meta name=\"twitter:data1\" content=\"Gwennili\" \/>\n\t<meta name=\"twitter:label2\" content=\"Dur\u00e9e de lecture estim\u00e9e\" \/>\n\t<meta name=\"twitter:data2\" content=\"6 minutes\" \/>\n<script type=\"application\/ld+json\" class=\"yoast-schema-graph\">{\"@context\":\"https:\/\/schema.org\",\"@graph\":[{\"@type\":\"WebPage\",\"@id\":\"https:\/\/www.gwennili.net\/fr\/temoignage-ces-envoi-ambre\/\",\"url\":\"https:\/\/www.gwennili.net\/fr\/temoignage-ces-envoi-ambre\/\",\"name\":\"CES \u00e0 l'Envoi - T\u00e9moignage de Ambre, volontaire europ\u00e9enne \u00e0 Fryshuset, en Su\u00e8de - Gwennili\",\"isPartOf\":{\"@id\":\"https:\/\/www.gwennili.net\/fr\/#website\"},\"primaryImageOfPage\":{\"@id\":\"https:\/\/www.gwennili.net\/fr\/temoignage-ces-envoi-ambre\/#primaryimage\"},\"image\":{\"@id\":\"https:\/\/www.gwennili.net\/fr\/temoignage-ces-envoi-ambre\/#primaryimage\"},\"thumbnailUrl\":\"https:\/\/www.gwennili.net\/fr\/wp-content\/uploads\/2023\/04\/DSC_1146-scaled.jpg\",\"datePublished\":\"2023-04-26T08:00:31+00:00\",\"dateModified\":\"2023-04-26T08:13:58+00:00\",\"author\":{\"@id\":\"https:\/\/www.gwennili.net\/fr\/#\/schema\/person\/59e500ee44b5df14f4af99b08f3418c0\"},\"breadcrumb\":{\"@id\":\"https:\/\/www.gwennili.net\/fr\/temoignage-ces-envoi-ambre\/#breadcrumb\"},\"inLanguage\":\"fr-FR\",\"potentialAction\":[{\"@type\":\"ReadAction\",\"target\":[\"https:\/\/www.gwennili.net\/fr\/temoignage-ces-envoi-ambre\/\"]}]},{\"@type\":\"ImageObject\",\"inLanguage\":\"fr-FR\",\"@id\":\"https:\/\/www.gwennili.net\/fr\/temoignage-ces-envoi-ambre\/#primaryimage\",\"url\":\"https:\/\/www.gwennili.net\/fr\/wp-content\/uploads\/2023\/04\/DSC_1146-scaled.jpg\",\"contentUrl\":\"https:\/\/www.gwennili.net\/fr\/wp-content\/uploads\/2023\/04\/DSC_1146-scaled.jpg\",\"width\":2048,\"height\":1362},{\"@type\":\"BreadcrumbList\",\"@id\":\"https:\/\/www.gwennili.net\/fr\/temoignage-ces-envoi-ambre\/#breadcrumb\",\"itemListElement\":[{\"@type\":\"ListItem\",\"position\":1,\"name\":\"Accueil\",\"item\":\"https:\/\/www.gwennili.net\/fr\/\"},{\"@type\":\"ListItem\",\"position\":2,\"name\":\"CES \u00e0 l&rsquo;Envoi &#8211; T\u00e9moignage de Ambre, volontaire europ\u00e9enne \u00e0 Fryshuset, en Su\u00e8de\"}]},{\"@type\":\"WebSite\",\"@id\":\"https:\/\/www.gwennili.net\/fr\/#website\",\"url\":\"https:\/\/www.gwennili.net\/fr\/\",\"name\":\"Gwennili\",\"description\":\"Rencontres et \u00c9changes Interculturels\",\"potentialAction\":[{\"@type\":\"SearchAction\",\"target\":{\"@type\":\"EntryPoint\",\"urlTemplate\":\"https:\/\/www.gwennili.net\/fr\/?s={search_term_string}\"},\"query-input\":{\"@type\":\"PropertyValueSpecification\",\"valueRequired\":true,\"valueName\":\"search_term_string\"}}],\"inLanguage\":\"fr-FR\"},{\"@type\":\"Person\",\"@id\":\"https:\/\/www.gwennili.net\/fr\/#\/schema\/person\/59e500ee44b5df14f4af99b08f3418c0\",\"name\":\"Gwennili\",\"image\":{\"@type\":\"ImageObject\",\"inLanguage\":\"fr-FR\",\"@id\":\"https:\/\/www.gwennili.net\/fr\/#\/schema\/person\/image\/\",\"url\":\"https:\/\/secure.gravatar.com\/avatar\/fe240fcee52441370a0cd01725314893?s=96&d=mm&r=g\",\"contentUrl\":\"https:\/\/secure.gravatar.com\/avatar\/fe240fcee52441370a0cd01725314893?s=96&d=mm&r=g\",\"caption\":\"Gwennili\"},\"description\":\"Gwennili est une asso qui favorise les rencontres interculturelles, en Europe, entre jeunes de 16 \u00e0 25 ans. Vous souhaitez partir seul ou en groupe ? Dans le cadre scolaire ou pendant les vacances ? Vous souhaitez partir \u00e0 l'\u00e9tranger dans le cadre du Service Volontaire Europ\u00e9en ? Nous vous y aidons ! Alors, contactez-nous !!\",\"url\":\"https:\/\/www.gwennili.net\/fr\/author\/admin\/\"}]}<\/script>\n<!-- \/ Yoast SEO plugin. -->","yoast_head_json":{"title":"CES \u00e0 l'Envoi - T\u00e9moignage de Ambre, volontaire europ\u00e9enne \u00e0 Fryshuset, en Su\u00e8de - Gwennili","robots":{"index":"index","follow":"follow","max-snippet":"max-snippet:-1","max-image-preview":"max-image-preview:large","max-video-preview":"max-video-preview:-1"},"canonical":"https:\/\/www.gwennili.net\/fr\/temoignage-ces-envoi-ambre\/","og_locale":"fr_FR","og_type":"article","og_title":"CES \u00e0 l'Envoi - T\u00e9moignage de Ambre, volontaire europ\u00e9enne \u00e0 Fryshuset, en Su\u00e8de - Gwennili","og_description":"Dans le cadre du programme \u00ab Corps Europ\u00e9en de Solidarit\u00e9 \u00bb, Gwennili est association d&#8217;envoi pour tout jeune de 18 \u00e0 30 ans r\u00e9sidant dans le Finist\u00e8re Sud. Et ce [&hellip;]","og_url":"https:\/\/www.gwennili.net\/fr\/temoignage-ces-envoi-ambre\/","og_site_name":"Gwennili","article_published_time":"2023-04-26T08:00:31+00:00","article_modified_time":"2023-04-26T08:13:58+00:00","og_image":[{"width":1024,"height":819,"url":"https:\/\/www.gwennili.net\/fr\/wp-content\/uploads\/2023\/04\/Temoignage-Ambre-CES-Envoi-1024x819.png","type":"image\/png"}],"author":"Gwennili","twitter_card":"summary_large_image","twitter_misc":{"\u00c9crit par":"Gwennili","Dur\u00e9e de lecture estim\u00e9e":"6 minutes"},"schema":{"@context":"https:\/\/schema.org","@graph":[{"@type":"WebPage","@id":"https:\/\/www.gwennili.net\/fr\/temoignage-ces-envoi-ambre\/","url":"https:\/\/www.gwennili.net\/fr\/temoignage-ces-envoi-ambre\/","name":"CES \u00e0 l'Envoi - T\u00e9moignage de Ambre, volontaire europ\u00e9enne \u00e0 Fryshuset, en Su\u00e8de - Gwennili","isPartOf":{"@id":"https:\/\/www.gwennili.net\/fr\/#website"},"primaryImageOfPage":{"@id":"https:\/\/www.gwennili.net\/fr\/temoignage-ces-envoi-ambre\/#primaryimage"},"image":{"@id":"https:\/\/www.gwennili.net\/fr\/temoignage-ces-envoi-ambre\/#primaryimage"},"thumbnailUrl":"https:\/\/www.gwennili.net\/fr\/wp-content\/uploads\/2023\/04\/DSC_1146-scaled.jpg","datePublished":"2023-04-26T08:00:31+00:00","dateModified":"2023-04-26T08:13:58+00:00","author":{"@id":"https:\/\/www.gwennili.net\/fr\/#\/schema\/person\/59e500ee44b5df14f4af99b08f3418c0"},"breadcrumb":{"@id":"https:\/\/www.gwennili.net\/fr\/temoignage-ces-envoi-ambre\/#breadcrumb"},"inLanguage":"fr-FR","potentialAction":[{"@type":"ReadAction","target":["https:\/\/www.gwennili.net\/fr\/temoignage-ces-envoi-ambre\/"]}]},{"@type":"ImageObject","inLanguage":"fr-FR","@id":"https:\/\/www.gwennili.net\/fr\/temoignage-ces-envoi-ambre\/#primaryimage","url":"https:\/\/www.gwennili.net\/fr\/wp-content\/uploads\/2023\/04\/DSC_1146-scaled.jpg","contentUrl":"https:\/\/www.gwennili.net\/fr\/wp-content\/uploads\/2023\/04\/DSC_1146-scaled.jpg","width":2048,"height":1362},{"@type":"BreadcrumbList","@id":"https:\/\/www.gwennili.net\/fr\/temoignage-ces-envoi-ambre\/#breadcrumb","itemListElement":[{"@type":"ListItem","position":1,"name":"Accueil","item":"https:\/\/www.gwennili.net\/fr\/"},{"@type":"ListItem","position":2,"name":"CES \u00e0 l&rsquo;Envoi &#8211; T\u00e9moignage de Ambre, volontaire europ\u00e9enne \u00e0 Fryshuset, en Su\u00e8de"}]},{"@type":"WebSite","@id":"https:\/\/www.gwennili.net\/fr\/#website","url":"https:\/\/www.gwennili.net\/fr\/","name":"Gwennili","description":"Rencontres et \u00c9changes Interculturels","potentialAction":[{"@type":"SearchAction","target":{"@type":"EntryPoint","urlTemplate":"https:\/\/www.gwennili.net\/fr\/?s={search_term_string}"},"query-input":{"@type":"PropertyValueSpecification","valueRequired":true,"valueName":"search_term_string"}}],"inLanguage":"fr-FR"},{"@type":"Person","@id":"https:\/\/www.gwennili.net\/fr\/#\/schema\/person\/59e500ee44b5df14f4af99b08f3418c0","name":"Gwennili","image":{"@type":"ImageObject","inLanguage":"fr-FR","@id":"https:\/\/www.gwennili.net\/fr\/#\/schema\/person\/image\/","url":"https:\/\/secure.gravatar.com\/avatar\/fe240fcee52441370a0cd01725314893?s=96&d=mm&r=g","contentUrl":"https:\/\/secure.gravatar.com\/avatar\/fe240fcee52441370a0cd01725314893?s=96&d=mm&r=g","caption":"Gwennili"},"description":"Gwennili est une asso qui favorise les rencontres interculturelles, en Europe, entre jeunes de 16 \u00e0 25 ans. Vous souhaitez partir seul ou en groupe ? Dans le cadre scolaire ou pendant les vacances ? Vous souhaitez partir \u00e0 l'\u00e9tranger dans le cadre du Service Volontaire Europ\u00e9en ? Nous vous y aidons ! Alors, contactez-nous !!","url":"https:\/\/www.gwennili.net\/fr\/author\/admin\/"}]}},"_links":{"self":[{"href":"https:\/\/www.gwennili.net\/fr\/wp-json\/wp\/v2\/posts\/8674"}],"collection":[{"href":"https:\/\/www.gwennili.net\/fr\/wp-json\/wp\/v2\/posts"}],"about":[{"href":"https:\/\/www.gwennili.net\/fr\/wp-json\/wp\/v2\/types\/post"}],"author":[{"embeddable":true,"href":"https:\/\/www.gwennili.net\/fr\/wp-json\/wp\/v2\/users\/1"}],"replies":[{"embeddable":true,"href":"https:\/\/www.gwennili.net\/fr\/wp-json\/wp\/v2\/comments?post=8674"}],"version-history":[{"count":3,"href":"https:\/\/www.gwennili.net\/fr\/wp-json\/wp\/v2\/posts\/8674\/revisions"}],"predecessor-version":[{"id":8682,"href":"https:\/\/www.gwennili.net\/fr\/wp-json\/wp\/v2\/posts\/8674\/revisions\/8682"}],"wp:featuredmedia":[{"embeddable":true,"href":"https:\/\/www.gwennili.net\/fr\/wp-json\/wp\/v2\/media\/8680"}],"wp:attachment":[{"href":"https:\/\/www.gwennili.net\/fr\/wp-json\/wp\/v2\/media?parent=8674"}],"wp:term":[{"taxonomy":"category","embeddable":true,"href":"https:\/\/www.gwennili.net\/fr\/wp-json\/wp\/v2\/categories?post=8674"},{"taxonomy":"post_tag","embeddable":true,"href":"https:\/\/www.gwennili.net\/fr\/wp-json\/wp\/v2\/tags?post=8674"}],"curies":[{"name":"wp","href":"https:\/\/api.w.org\/{rel}","templated":true}]}}